{"id":2341,"date":"2025-11-06T22:38:35","date_gmt":"2025-11-06T21:38:35","guid":{"rendered":"https:\/\/gk-korcula.hr\/nova\/?p=2341"},"modified":"2025-11-10T15:40:15","modified_gmt":"2025-11-10T14:40:15","slug":"u-korculi-predstavljen-argentinski-roman-draga-pilsela","status":"publish","type":"post","link":"https:\/\/gk-korcula.hr\/nova\/u-korculi-predstavljen-argentinski-roman-draga-pilsela\/","title":{"rendered":"U Kor\u010duli predstavljen &#8220;Argentinski roman&#8221; Draga Pilsela"},"content":{"rendered":"<div class=\"x14z9mp xat24cr x1lziwak x1vvkbs xtlvy1s x126k92a\">\n<div dir=\"auto\">Ve\u010deras je u <span class=\"html-span xdj266r x14z9mp xat24cr x1lziwak xexx8yu xyri2b x18d9i69 x1c1uobl x1hl2dhg x16tdsg8 x1vvkbs\"><a class=\"x1i10hfl xjbqb8w x1ejq31n x18oe1m7 x1sy0etr xstzfhl x972fbf x10w94by x1qhh985 x14e42zd x9f619 x1ypdohk xt0psk2 x3ct3a4 xdj266r x14z9mp xat24cr x1lziwak xexx8yu xyri2b x18d9i69 x1c1uobl x16tdsg8 x1hl2dhg xggy1nq x1a2a7pz xkrqix3 x1sur9pj x1fey0fg x1s688f\" tabindex=\"0\" role=\"link\" href=\"https:\/\/web.facebook.com\/GKKorcula?__cft__[0]=AZU7HE7bTCEWm2BbgMvW2vszBemy-CSG4soGcmMFdVuNNnpulw1TzoXGlbl_1XfY_pAEHYODSWN0dhLrw57mNT9pb8qpK1PvuFgR1wQyQ-RP-_J3IDu11EbMLENz7o_TjnHfFlQd7w_y-0nvGoFx1Bz0lkZ2CW6J49h3OG7jt5Evf11LCLilNFu8vT21nXXhkn4&amp;__tn__=-]K-R\"><span class=\"xt0psk2\"><span class=\"xjp7ctv\">Gradska knji\u017enica Ivan Vidali<\/span><\/span><\/a><\/span> odr\u017eano predstavljanje drugog i dopunjenog izdanja knjige &#8220;Argentinski roman&#8221;, objavljene nedavno u izdava\u010dkoj ku\u0107i V.B.Z. Drago Pilsel, hrvatski novinar i nepokolebljivi borac za ljudska prava, u svom autobiografskom romanu hrabro, otvoreno i iskreno progovara o svom odrastanju u Argentini, o \u017eivotu u Hrvatskoj, bave\u0107i se kriti\u010dki temama nacionalnog identiteta, vjerske pripadnosti, slo\u017eenog obiteljskog naslje\u0111a i povijesnih okolnosti koje nas oblikuju. Pri\u010da o putu od mladena\u010dkog ekstremizma do osobnog preobra\u017eaja na kraju kojega je jedino va\u017ena \u010dovje\u010dnost, zainteresirala je kor\u010dulansku publiku koja se na kraju predstavljanja dugo zadr\u017eala u razgovoru s autorom.<\/div>\n<\/div>\n<div class=\"x14z9mp xat24cr x1lziwak x1vvkbs xtlvy1s x126k92a\">\n<div dir=\"auto\">Hvala svima na sudjelovanju i dru\u017eenju s knjigom!<\/div>\n<\/div>\n","protected":false},"excerpt":{"rendered":"<p>Ve\u010deras je u Gradska knji\u017enica Ivan Vidali odr\u017eano predstavljanje drugog i dopunjenog izdanja knjige &#8220;Argentinski roman&#8221;, objavljene nedavno u izdava\u010dkoj ku\u0107i V.B.Z. Drago Pilsel, hrvatski novinar i nepokolebljivi borac za [&hellip;]<\/p>\n","protected":false},"author":3,"featured_media":2342,"comment_status":"closed","ping_status":"closed","sticky":false,"template":"","format":"standard","meta":{"_et_pb_use_builder":"","_et_pb_old_content":"","_et_gb_content_width":"","footnotes":""},"categories":[11],"tags":[],"class_list":["post-2341","post","type-post","status-publish","format-standard","has-post-thumbnail","hentry","category-aktualno"],"_links":{"self":[{"href":"https:\/\/gk-korcula.hr\/nova\/wp-json\/wp\/v2\/posts\/2341","targetHints":{"allow":["GET"]}}],"collection":[{"href":"https:\/\/gk-korcula.hr\/nova\/wp-json\/wp\/v2\/posts"}],"about":[{"href":"https:\/\/gk-korcula.hr\/nova\/wp-json\/wp\/v2\/types\/post"}],"author":[{"embeddable":true,"href":"https:\/\/gk-korcula.hr\/nova\/wp-json\/wp\/v2\/users\/3"}],"replies":[{"embeddable":true,"href":"https:\/\/gk-korcula.hr\/nova\/wp-json\/wp\/v2\/comments?post=2341"}],"version-history":[{"count":1,"href":"https:\/\/gk-korcula.hr\/nova\/wp-json\/wp\/v2\/posts\/2341\/revisions"}],"predecessor-version":[{"id":2343,"href":"https:\/\/gk-korcula.hr\/nova\/wp-json\/wp\/v2\/posts\/2341\/revisions\/2343"}],"wp:featuredmedia":[{"embeddable":true,"href":"https:\/\/gk-korcula.hr\/nova\/wp-json\/wp\/v2\/media\/2342"}],"wp:attachment":[{"href":"https:\/\/gk-korcula.hr\/nova\/wp-json\/wp\/v2\/media?parent=2341"}],"wp:term":[{"taxonomy":"category","embeddable":true,"href":"https:\/\/gk-korcula.hr\/nova\/wp-json\/wp\/v2\/categories?post=2341"},{"taxonomy":"post_tag","embeddable":true,"href":"https:\/\/gk-korcula.hr\/nova\/wp-json\/wp\/v2\/tags?post=2341"}],"curies":[{"name":"wp","href":"https:\/\/api.w.org\/{rel}","templated":true}]}}