{"id":2344,"date":"2025-11-07T15:40:29","date_gmt":"2025-11-07T14:40:29","guid":{"rendered":"https:\/\/gk-korcula.hr\/nova\/?p=2344"},"modified":"2025-11-10T15:41:29","modified_gmt":"2025-11-10T14:41:29","slug":"radionica-retorike-za-djecu-u-gradskoj-knjiznici-ivan-vidali","status":"publish","type":"post","link":"https:\/\/gk-korcula.hr\/nova\/radionica-retorike-za-djecu-u-gradskoj-knjiznici-ivan-vidali\/","title":{"rendered":"Radionica retorike za djecu u Gradskoj knji\u017enici &#8220;Ivan Vidali&#8221;"},"content":{"rendered":"<div class=\"x14z9mp xat24cr x1lziwak x1vvkbs xtlvy1s x126k92a\">\n<div dir=\"auto\">Danas je u na\u0161oj knji\u017enici u sklopu programa za <span class=\"html-span xdj266r x14z9mp xat24cr x1lziwak xexx8yu xyri2b x18d9i69 x1c1uobl x1hl2dhg x16tdsg8 x1vvkbs\"><a class=\"x1i10hfl xjbqb8w x1ejq31n x18oe1m7 x1sy0etr xstzfhl x972fbf x10w94by x1qhh985 x14e42zd x9f619 x1ypdohk xt0psk2 x3ct3a4 xdj266r x14z9mp xat24cr x1lziwak xexx8yu xyri2b x18d9i69 x1c1uobl x16tdsg8 x1hl2dhg xggy1nq x1a2a7pz xkrqix3 x1sur9pj x1fey0fg x1s688f\" tabindex=\"0\" role=\"link\" href=\"https:\/\/web.facebook.com\/mjesechrvatskeknjige?__cft__[0]=AZXXXQ1dynDRaz1ZLGaaZu2SzmEiyv-d-yIfvRN6KCTkO2ceenwvwvMmikkp45gWBjkX-tsK7NZ3enYJL7HDSXfvHfz8w7sA8O95FnHjXpWulXwnngeTdo9WozMysqPVrp6jnWqibDA6kdb7Qiu2YLzd1Pbzx27sWQXGssSwzSy4hcQZ-ZkC_RJzZhmkW-4Q00w&amp;__tn__=-]K-R\"><span class=\"xt0psk2\"><span class=\"xjp7ctv\">Mjesec hrvatske knjige<\/span><\/span><\/a><\/span> odr\u017eano zanimljivo i dinami\u010dno predavanje i radionica retorike za djecu, koje je vodio Davor Stankovi\u0107 \u2013 u\u010ditelj govora i govorni\u0161tva, foneti\u010dar, govorni trener te profesor fonetike i engleskog jezika.<\/div>\n<\/div>\n<div class=\"x14z9mp xat24cr x1lziwak x1vvkbs xtlvy1s x126k92a\">\n<div dir=\"auto\">U radionici su sudjelovali u\u010denici \u010detvrtih razreda Osnovne \u0161kole Petra Kanaveli\u0107a sa svojim u\u010diteljicama Dragoslavom Radovanovi\u0107 i Mirelom Tolj, te u\u010denici Osnovne \u0161kole Ante Cura\u0107 Pinjac s u\u010diteljicom Matijanom Ojdani\u0107.<\/div>\n<\/div>\n<div class=\"x14z9mp xat24cr x1lziwak x1vvkbs xtlvy1s x126k92a\">\n<div dir=\"auto\">Polaznici su kroz igru i prakti\u010dne vje\u017ebe u\u010dili kako jasno, samouvjereno i izra\u017eajno govoriti, kako pobijediti tremu i u\u017eivati u javnom nastupu.<\/div>\n<\/div>\n<div class=\"x14z9mp xat24cr x1lziwak x1vvkbs xtlvy1s x126k92a\">\n<div dir=\"auto\">Hvala Davoru Stankovi\u0107u na sjajnoj radionici te svim u\u010denicima i u\u010diteljicama na sudjelovanju i prekrasnoj energiji koju su donijeli u na\u0161u knji\u017enicu!<\/div>\n<\/div>\n<div class=\"x14z9mp xat24cr x1lziwak x1vvkbs xtlvy1s x126k92a\">\n<div dir=\"auto\">Zainteresirani za kupnju knjige &#8220;Retorika za djeca&#8221; Davora Stankovi\u0107a, mogu se javiti u knji\u017enicu!<\/div>\n<\/div>\n","protected":false},"excerpt":{"rendered":"<p>Danas je u na\u0161oj knji\u017enici u sklopu programa za Mjesec hrvatske knjige odr\u017eano zanimljivo i dinami\u010dno predavanje i radionica retorike za djecu, koje je vodio Davor Stankovi\u0107 \u2013 u\u010ditelj govora [&hellip;]<\/p>\n","protected":false},"author":3,"featured_media":2345,"comment_status":"closed","ping_status":"closed","sticky":false,"template":"","format":"standard","meta":{"_et_pb_use_builder":"","_et_pb_old_content":"","_et_gb_content_width":"","footnotes":""},"categories":[11],"tags":[],"class_list":["post-2344","post","type-post","status-publish","format-standard","has-post-thumbnail","hentry","category-aktualno"],"_links":{"self":[{"href":"https:\/\/gk-korcula.hr\/nova\/wp-json\/wp\/v2\/posts\/2344","targetHints":{"allow":["GET"]}}],"collection":[{"href":"https:\/\/gk-korcula.hr\/nova\/wp-json\/wp\/v2\/posts"}],"about":[{"href":"https:\/\/gk-korcula.hr\/nova\/wp-json\/wp\/v2\/types\/post"}],"author":[{"embeddable":true,"href":"https:\/\/gk-korcula.hr\/nova\/wp-json\/wp\/v2\/users\/3"}],"replies":[{"embeddable":true,"href":"https:\/\/gk-korcula.hr\/nova\/wp-json\/wp\/v2\/comments?post=2344"}],"version-history":[{"count":1,"href":"https:\/\/gk-korcula.hr\/nova\/wp-json\/wp\/v2\/posts\/2344\/revisions"}],"predecessor-version":[{"id":2346,"href":"https:\/\/gk-korcula.hr\/nova\/wp-json\/wp\/v2\/posts\/2344\/revisions\/2346"}],"wp:featuredmedia":[{"embeddable":true,"href":"https:\/\/gk-korcula.hr\/nova\/wp-json\/wp\/v2\/media\/2345"}],"wp:attachment":[{"href":"https:\/\/gk-korcula.hr\/nova\/wp-json\/wp\/v2\/media?parent=2344"}],"wp:term":[{"taxonomy":"category","embeddable":true,"href":"https:\/\/gk-korcula.hr\/nova\/wp-json\/wp\/v2\/categories?post=2344"},{"taxonomy":"post_tag","embeddable":true,"href":"https:\/\/gk-korcula.hr\/nova\/wp-json\/wp\/v2\/tags?post=2344"}],"curies":[{"name":"wp","href":"https:\/\/api.w.org\/{rel}","templated":true}]}}