{"id":2356,"date":"2025-11-19T10:24:58","date_gmt":"2025-11-19T09:24:58","guid":{"rendered":"https:\/\/gk-korcula.hr\/nova\/?p=2356"},"modified":"2025-11-19T12:16:13","modified_gmt":"2025-11-19T11:16:13","slug":"predstavljanje-projekata-ucenika-srednje-skole-petra-segedina","status":"publish","type":"post","link":"https:\/\/gk-korcula.hr\/nova\/predstavljanje-projekata-ucenika-srednje-skole-petra-segedina\/","title":{"rendered":"Predstavljanje projekata u\u010denika Srednje \u0161kole Petra \u0160egedina"},"content":{"rendered":"<p>Pozivamo vas na p<span class=\"a_GcMg font-feature-liga-off font-feature-clig-off font-feature-calt-off text-decoration-none text-strikethrough-none\">redstavljanje projekata u\u010denika Srednje \u0161kole Petra \u0160egedina koje \u0107e se odr\u017eati u petak, 21. studenoga u Gradskoj knji\u017enici\u00a0<em>Ivan Vidali<\/em> s po\u010detkom u 18:00 sati. Profesorica Maja \u0160estanovi\u0107 \u0107e s u\u010denicima predstaviti projekt <strong>Bu\u010dna ti\u0161ina knji\u017enice<\/strong>, a profesorica Josipa Favro Kurtovi\u0107 \u0107e s u\u010denicima predstaviti projekt\u00a0<strong>Knji\u017enica izme\u0111u korica.<\/strong><\/span><\/p>\n","protected":false},"excerpt":{"rendered":"<p>Pozivamo vas na predstavljanje projekata u\u010denika Srednje \u0161kole Petra \u0160egedina koje \u0107e se odr\u017eati u petak, 21. studenoga u Gradskoj knji\u017enici\u00a0Ivan Vidali s po\u010detkom u 18:00 sati. Profesorica Maja \u0160estanovi\u0107 [&hellip;]<\/p>\n","protected":false},"author":3,"featured_media":2369,"comment_status":"closed","ping_status":"closed","sticky":false,"template":"","format":"standard","meta":{"_et_pb_use_builder":"","_et_pb_old_content":"","_et_gb_content_width":"","footnotes":""},"categories":[10],"tags":[],"class_list":["post-2356","post","type-post","status-publish","format-standard","has-post-thumbnail","hentry","category-najave-dogadaja"],"_links":{"self":[{"href":"https:\/\/gk-korcula.hr\/nova\/wp-json\/wp\/v2\/posts\/2356","targetHints":{"allow":["GET"]}}],"collection":[{"href":"https:\/\/gk-korcula.hr\/nova\/wp-json\/wp\/v2\/posts"}],"about":[{"href":"https:\/\/gk-korcula.hr\/nova\/wp-json\/wp\/v2\/types\/post"}],"author":[{"embeddable":true,"href":"https:\/\/gk-korcula.hr\/nova\/wp-json\/wp\/v2\/users\/3"}],"replies":[{"embeddable":true,"href":"https:\/\/gk-korcula.hr\/nova\/wp-json\/wp\/v2\/comments?post=2356"}],"version-history":[{"count":2,"href":"https:\/\/gk-korcula.hr\/nova\/wp-json\/wp\/v2\/posts\/2356\/revisions"}],"predecessor-version":[{"id":2370,"href":"https:\/\/gk-korcula.hr\/nova\/wp-json\/wp\/v2\/posts\/2356\/revisions\/2370"}],"wp:featuredmedia":[{"embeddable":true,"href":"https:\/\/gk-korcula.hr\/nova\/wp-json\/wp\/v2\/media\/2369"}],"wp:attachment":[{"href":"https:\/\/gk-korcula.hr\/nova\/wp-json\/wp\/v2\/media?parent=2356"}],"wp:term":[{"taxonomy":"category","embeddable":true,"href":"https:\/\/gk-korcula.hr\/nova\/wp-json\/wp\/v2\/categories?post=2356"},{"taxonomy":"post_tag","embeddable":true,"href":"https:\/\/gk-korcula.hr\/nova\/wp-json\/wp\/v2\/tags?post=2356"}],"curies":[{"name":"wp","href":"https:\/\/api.w.org\/{rel}","templated":true}]}}