{"id":2432,"date":"2026-01-12T08:57:55","date_gmt":"2026-01-12T07:57:55","guid":{"rendered":"https:\/\/gk-korcula.hr\/nova\/?p=2432"},"modified":"2026-01-12T09:55:37","modified_gmt":"2026-01-12T08:55:37","slug":"mi-djeca-sarajeva-predstavljanje-knjige","status":"publish","type":"post","link":"https:\/\/gk-korcula.hr\/nova\/mi-djeca-sarajeva-predstavljanje-knjige\/","title":{"rendered":"Mi, djeca Sarajeva &#8211; predstavljanje knjige"},"content":{"rendered":"<p>Pozivamo vas na predstavljanje knjige <strong><em>Mi, djeca Sarajeva <\/em><\/strong>autorice Mensure Burridge koje \u0107e se dr\u017eati u Gradskoj knji\u017enici Ivan Vidali u petak, 23. sije\u010dnja, s po\u010detkom u 18.00 sati.<\/p>\n<p><strong>O autorici:<\/strong><\/p>\n<div>Mensura Burridge ro\u0111ena je u Bosanskoj Dubici, gdje je zavr\u0161ila osnovnu i srednju \u0161kolu &#8211; klasi\u010dnu gimnaziju. U Sarajevu je zavr\u0161ila univerzitet politi\u010dkih nauka, smjer \u017eurnalistika. Bavila se radio\u00a0novinarstvom,\u00a0te je kao radio reporter radila na predratnom RTVSA u Sarajevu. Pisala je i za dnevne novine, turisti\u010dke publikacije i knji\u017eevne novine. Imala je pripremljenu knjigu poezije, koja zbog po\u010detka okupacije Bosne i Hercegovine, nikad nije objavljena.<\/div>\n<div><\/div>\n<div>Veliko interesovanje\u00a0nalazi u filmu, gdje ure\u0111uje, re\u017eira, snima i producira dva kratka dokumentarna filma pod nazivom &#8216;Flamenko u mojoj dusi&#8217; i &#8216;Oud&#8217;. Oba filma predstavljaju muzi\u010dare iz Zagreba. Filmovi su bili na me\u0111unarodnim\u00a0filmskim festivalima\u00a0sa visokim nominacijama. Mogu se pogledati na YouTube profilu Mensura Burridge.<\/div>\n<div><\/div>\n<div>Veliku ljubav i strast Mensura gaji prema kineskoj vje\u0161tini Tai Chi Chuan, koju je u\u010dila u Kini. Nasljednik je znanja Chen stila i nosi priznanje Master-a Chen stila Tai Chi Chuana.<\/div>\n<div><\/div>\n<div>Putovanja i upoznavanje drugih kultura i obi\u010daja pomoglo joj je u u\u010denju stranih jezika, i danas se slu\u017ei \u0160vedskim, Engleskim, Njema\u010dkim, Ruskim i Turskim jezikom.<\/div>\n<div><\/div>\n<div>&#8216;Mi, djeca Sarajeva&#8217; je njena prva objavljena knjiga, a trenutno pi\u0161e \u010detiri knjige&#8230;<\/div>\n","protected":false},"excerpt":{"rendered":"<p>Pozivamo vas na predstavljanje knjige Mi, djeca Sarajeva autorice Mensure Burridge koje \u0107e se dr\u017eati u Gradskoj knji\u017enici Ivan Vidali u petak, 23. sije\u010dnja, s po\u010detkom u 18.00 sati. O [&hellip;]<\/p>\n","protected":false},"author":3,"featured_media":2434,"comment_status":"closed","ping_status":"closed","sticky":false,"template":"","format":"standard","meta":{"_et_pb_use_builder":"","_et_pb_old_content":"","_et_gb_content_width":"","footnotes":""},"categories":[10],"tags":[],"class_list":["post-2432","post","type-post","status-publish","format-standard","has-post-thumbnail","hentry","category-najave-dogadaja"],"_links":{"self":[{"href":"https:\/\/gk-korcula.hr\/nova\/wp-json\/wp\/v2\/posts\/2432","targetHints":{"allow":["GET"]}}],"collection":[{"href":"https:\/\/gk-korcula.hr\/nova\/wp-json\/wp\/v2\/posts"}],"about":[{"href":"https:\/\/gk-korcula.hr\/nova\/wp-json\/wp\/v2\/types\/post"}],"author":[{"embeddable":true,"href":"https:\/\/gk-korcula.hr\/nova\/wp-json\/wp\/v2\/users\/3"}],"replies":[{"embeddable":true,"href":"https:\/\/gk-korcula.hr\/nova\/wp-json\/wp\/v2\/comments?post=2432"}],"version-history":[{"count":2,"href":"https:\/\/gk-korcula.hr\/nova\/wp-json\/wp\/v2\/posts\/2432\/revisions"}],"predecessor-version":[{"id":2437,"href":"https:\/\/gk-korcula.hr\/nova\/wp-json\/wp\/v2\/posts\/2432\/revisions\/2437"}],"wp:featuredmedia":[{"embeddable":true,"href":"https:\/\/gk-korcula.hr\/nova\/wp-json\/wp\/v2\/media\/2434"}],"wp:attachment":[{"href":"https:\/\/gk-korcula.hr\/nova\/wp-json\/wp\/v2\/media?parent=2432"}],"wp:term":[{"taxonomy":"category","embeddable":true,"href":"https:\/\/gk-korcula.hr\/nova\/wp-json\/wp\/v2\/categories?post=2432"},{"taxonomy":"post_tag","embeddable":true,"href":"https:\/\/gk-korcula.hr\/nova\/wp-json\/wp\/v2\/tags?post=2432"}],"curies":[{"name":"wp","href":"https:\/\/api.w.org\/{rel}","templated":true}]}}