{"id":2462,"date":"2026-01-24T11:38:42","date_gmt":"2026-01-24T10:38:42","guid":{"rendered":"https:\/\/gk-korcula.hr\/nova\/?p=2462"},"modified":"2026-01-24T11:38:42","modified_gmt":"2026-01-24T10:38:42","slug":"odrzana-promocija-knjige-mi-djeca-sarajeva","status":"publish","type":"post","link":"https:\/\/gk-korcula.hr\/nova\/odrzana-promocija-knjige-mi-djeca-sarajeva\/","title":{"rendered":"Odr\u017eana promocija knjige &#8220;Mi, djeca Sarajeva&#8221;"},"content":{"rendered":"<div class=\"xdj266r x14z9mp xat24cr x1lziwak x1vvkbs x126k92a\">\n<div dir=\"auto\">Ju\u010der je u Gradskoj knji\u017enici <em>Ivan Vidali<\/em> odr\u017eana promocija knjige Mi, djeca Sarajeva, koju je predstavila autorica Mensura Burridge, uz podr\u0161ku knji\u017eevnika Tugomira Mati\u0107a.<\/div>\n<\/div>\n<div class=\"x14z9mp xat24cr x1lziwak x1vvkbs xtlvy1s x126k92a\">\n<div dir=\"auto\">Ova sna\u017ena i dokumentarno-literarna knjiga sastavljena je od iskrenih sje\u0107anja nastavnika i u\u010denika u vrijeme opsade Sarajeva \u2014 pri\u010da o hrabrosti, nadi i nepokolebljivoj \u017eelji za u\u010denjem i slobodom \u010dak i u najmra\u010dnijim trenucima.<\/div>\n<\/div>\n<div class=\"x14z9mp xat24cr x1lziwak x1vvkbs xtlvy1s x126k92a\">\n<div dir=\"auto\">Publika je imala priliku \u010duti o kontekstu nastanka djela, o iskustvima ljudi koji su pod granatama pronalazili na\u010din da nastave u\u010diti, pou\u010davati i \u017eivjeti punim plu\u0107ima, te o va\u017enosti pam\u0107enja i svjedo\u010denja za budu\u0107e generacije.<\/div>\n<div dir=\"auto\"><\/div>\n<\/div>\n<div dir=\"auto\">Galeriju fotografija pogledajte <a href=\"https:\/\/web.facebook.com\/GKKorcula\/posts\/pfbid0duZubUXapK3ewBqrY58tNibpa9oBvCiv6eJ47VBcB395Lb76JZi93t5KSVJW7ZUfl\">ovdje<\/a>.<\/div>\n","protected":false},"excerpt":{"rendered":"<p>Ju\u010der je u Gradskoj knji\u017enici Ivan Vidali odr\u017eana promocija knjige Mi, djeca Sarajeva, koju je predstavila autorica Mensura Burridge, uz podr\u0161ku knji\u017eevnika Tugomira Mati\u0107a. Ova sna\u017ena i dokumentarno-literarna knjiga sastavljena [&hellip;]<\/p>\n","protected":false},"author":3,"featured_media":2463,"comment_status":"closed","ping_status":"closed","sticky":false,"template":"","format":"standard","meta":{"_et_pb_use_builder":"","_et_pb_old_content":"","_et_gb_content_width":"","footnotes":""},"categories":[11],"tags":[],"class_list":["post-2462","post","type-post","status-publish","format-standard","has-post-thumbnail","hentry","category-aktualno"],"_links":{"self":[{"href":"https:\/\/gk-korcula.hr\/nova\/wp-json\/wp\/v2\/posts\/2462","targetHints":{"allow":["GET"]}}],"collection":[{"href":"https:\/\/gk-korcula.hr\/nova\/wp-json\/wp\/v2\/posts"}],"about":[{"href":"https:\/\/gk-korcula.hr\/nova\/wp-json\/wp\/v2\/types\/post"}],"author":[{"embeddable":true,"href":"https:\/\/gk-korcula.hr\/nova\/wp-json\/wp\/v2\/users\/3"}],"replies":[{"embeddable":true,"href":"https:\/\/gk-korcula.hr\/nova\/wp-json\/wp\/v2\/comments?post=2462"}],"version-history":[{"count":1,"href":"https:\/\/gk-korcula.hr\/nova\/wp-json\/wp\/v2\/posts\/2462\/revisions"}],"predecessor-version":[{"id":2464,"href":"https:\/\/gk-korcula.hr\/nova\/wp-json\/wp\/v2\/posts\/2462\/revisions\/2464"}],"wp:featuredmedia":[{"embeddable":true,"href":"https:\/\/gk-korcula.hr\/nova\/wp-json\/wp\/v2\/media\/2463"}],"wp:attachment":[{"href":"https:\/\/gk-korcula.hr\/nova\/wp-json\/wp\/v2\/media?parent=2462"}],"wp:term":[{"taxonomy":"category","embeddable":true,"href":"https:\/\/gk-korcula.hr\/nova\/wp-json\/wp\/v2\/categories?post=2462"},{"taxonomy":"post_tag","embeddable":true,"href":"https:\/\/gk-korcula.hr\/nova\/wp-json\/wp\/v2\/tags?post=2462"}],"curies":[{"name":"wp","href":"https:\/\/api.w.org\/{rel}","templated":true}]}}