{"id":2532,"date":"2026-02-27T14:33:53","date_gmt":"2026-02-27T13:33:53","guid":{"rendered":"https:\/\/gk-korcula.hr\/nova\/?p=2532"},"modified":"2026-03-16T08:38:59","modified_gmt":"2026-03-16T07:38:59","slug":"predavanje-o-zavicajnoj-zbirci","status":"publish","type":"post","link":"https:\/\/gk-korcula.hr\/nova\/predavanje-o-zavicajnoj-zbirci\/","title":{"rendered":"Predavanje o zavi\u010dajnoj zbirci"},"content":{"rendered":"<div class=\"xdj266r x14z9mp xat24cr x1lziwak x1vvkbs x126k92a\">\n<div dir=\"auto\">U\u010denicima <span class=\"html-span xdj266r x14z9mp xat24cr x1lziwak xexx8yu xyri2b x18d9i69 x1c1uobl x1hl2dhg x16tdsg8 x1vvkbs\"><a class=\"x1i10hfl xjbqb8w x1ejq31n x18oe1m7 x1sy0etr xstzfhl x972fbf x10w94by x1qhh985 x14e42zd x9f619 x1ypdohk xt0psk2 x3ct3a4 xdj266r x14z9mp xat24cr x1lziwak xexx8yu xyri2b x18d9i69 x1c1uobl x16tdsg8 x1hl2dhg xggy1nq x1a2a7pz xkrqix3 x1sur9pj x1fey0fg x1s688f\" tabindex=\"0\" role=\"link\" href=\"https:\/\/www.facebook.com\/profile.php?id=100069091964965&amp;__cft__[0]=AZYLFuQSPaTfP0H9wfxUaco_m_d6Zwm8SRUKlUiNNaHTn4piynw2o9QBIBbBuFCWMPqnC8yK3tPwbY8SHTeDJgsvg1IWKPE7XoZD2-MG1hU-5fsKJy5eX4X6TZFM9ORf_p3mKduaz7Colsl-AUbmcPgKVKqkf-QuGH3tVvq3Avk_spOXzf8G7fBVRKr6ToBFicM&amp;__tn__=-]K-R\"><span class=\"xt0psk2\"><span class=\"xjp7ctv\">Srednje \u0161kole Petra \u0160egedina Kor\u010dula<\/span><\/span><\/a><\/span> turisti\u010dkoga usmjerenja danas smo u knji\u017enici odr\u017eali predavanje o ulozi zavi\u010dajne zbirke u \u010duvanju kulturnog identiteta i iskori\u0161tavanju ba\u0161tine u turisti\u010dke svrhe.<\/div>\n<div dir=\"auto\">Nakon upoznavanja sa zbirkom, na primjerima iz na\u0161e prakse pokazali smo programe i aktvnosti koje provodimo u cilju \u010duvanja i popularizacije kor\u010dulanskog kulturnog naslje\u0111a<\/div>\n<\/div>\n<div class=\"x14z9mp xat24cr x1lziwak x1vvkbs xtlvy1s x126k92a\">\n<div dir=\"auto\">Hvala prof. Gordani Antunovi\u0107 na suradnji i u\u010denicima na pa\u017enji! Nadamo se da \u0107e razvijati kulturni turizam i \u010duvati na\u0161u ba\u0161tinu.<\/div>\n<\/div>\n","protected":false},"excerpt":{"rendered":"<p>U\u010denicima Srednje \u0161kole Petra \u0160egedina Kor\u010dula turisti\u010dkoga usmjerenja danas smo u knji\u017enici odr\u017eali predavanje o ulozi zavi\u010dajne zbirke u \u010duvanju kulturnog identiteta i iskori\u0161tavanju ba\u0161tine u turisti\u010dke svrhe. Nakon upoznavanja [&hellip;]<\/p>\n","protected":false},"author":3,"featured_media":2533,"comment_status":"closed","ping_status":"closed","sticky":false,"template":"","format":"standard","meta":{"_et_pb_use_builder":"","_et_pb_old_content":"","_et_gb_content_width":"","footnotes":""},"categories":[11],"tags":[],"class_list":["post-2532","post","type-post","status-publish","format-standard","has-post-thumbnail","hentry","category-aktualno"],"_links":{"self":[{"href":"https:\/\/gk-korcula.hr\/nova\/wp-json\/wp\/v2\/posts\/2532","targetHints":{"allow":["GET"]}}],"collection":[{"href":"https:\/\/gk-korcula.hr\/nova\/wp-json\/wp\/v2\/posts"}],"about":[{"href":"https:\/\/gk-korcula.hr\/nova\/wp-json\/wp\/v2\/types\/post"}],"author":[{"embeddable":true,"href":"https:\/\/gk-korcula.hr\/nova\/wp-json\/wp\/v2\/users\/3"}],"replies":[{"embeddable":true,"href":"https:\/\/gk-korcula.hr\/nova\/wp-json\/wp\/v2\/comments?post=2532"}],"version-history":[{"count":1,"href":"https:\/\/gk-korcula.hr\/nova\/wp-json\/wp\/v2\/posts\/2532\/revisions"}],"predecessor-version":[{"id":2534,"href":"https:\/\/gk-korcula.hr\/nova\/wp-json\/wp\/v2\/posts\/2532\/revisions\/2534"}],"wp:featuredmedia":[{"embeddable":true,"href":"https:\/\/gk-korcula.hr\/nova\/wp-json\/wp\/v2\/media\/2533"}],"wp:attachment":[{"href":"https:\/\/gk-korcula.hr\/nova\/wp-json\/wp\/v2\/media?parent=2532"}],"wp:term":[{"taxonomy":"category","embeddable":true,"href":"https:\/\/gk-korcula.hr\/nova\/wp-json\/wp\/v2\/categories?post=2532"},{"taxonomy":"post_tag","embeddable":true,"href":"https:\/\/gk-korcula.hr\/nova\/wp-json\/wp\/v2\/tags?post=2532"}],"curies":[{"name":"wp","href":"https:\/\/api.w.org\/{rel}","templated":true}]}}