{"id":2538,"date":"2026-03-12T08:44:55","date_gmt":"2026-03-12T07:44:55","guid":{"rendered":"https:\/\/gk-korcula.hr\/nova\/?p=2538"},"modified":"2026-03-16T08:53:39","modified_gmt":"2026-03-16T07:53:39","slug":"medunarodni-dan-zena-u-gkiv","status":"publish","type":"post","link":"https:\/\/gk-korcula.hr\/nova\/medunarodni-dan-zena-u-gkiv\/","title":{"rendered":"Me\u0111unarodni dan \u017eena u GKIV"},"content":{"rendered":"<p>[et_pb_section fb_built=&#8221;1&#8243; _builder_version=&#8221;4.16&#8243; global_colors_info=&#8221;{}&#8221;][et_pb_row _builder_version=&#8221;4.16&#8243; background_size=&#8221;initial&#8221; background_position=&#8221;top_left&#8221; background_repeat=&#8221;repeat&#8221; global_colors_info=&#8221;{}&#8221;][et_pb_column type=&#8221;4_4&#8243; _builder_version=&#8221;4.16&#8243; custom_padding=&#8221;|||&#8221; global_colors_info=&#8221;{}&#8221; custom_padding__hover=&#8221;|||&#8221;][et_pb_text _builder_version=&#8221;4.16&#8243; background_size=&#8221;initial&#8221; background_position=&#8221;top_left&#8221; background_repeat=&#8221;repeat&#8221; global_colors_info=&#8221;{}&#8221;]<\/p>\n<div class=\"xdj266r x14z9mp xat24cr x1lziwak x1vvkbs x126k92a\">\n<div dir=\"auto\">Program povodom Me\u0111unarodnog dana \u017eena nastavili smo ju\u010der u <span class=\"html-span xdj266r x14z9mp xat24cr x1lziwak xexx8yu xyri2b x18d9i69 x1c1uobl x1hl2dhg x16tdsg8 x1vvkbs\"><a class=\"x1i10hfl xjbqb8w x1ejq31n x18oe1m7 x1sy0etr xstzfhl x972fbf x10w94by x1qhh985 x14e42zd x9f619 x1ypdohk xt0psk2 x3ct3a4 xdj266r x14z9mp xat24cr x1lziwak xexx8yu xyri2b x18d9i69 x1c1uobl x16tdsg8 x1hl2dhg xggy1nq x1a2a7pz xkrqix3 x1sur9pj x1fey0fg x1s688f\" tabindex=\"0\" role=\"link\" href=\"https:\/\/www.facebook.com\/GKKorcula?__cft__[0]=AZZ989Sd1dnLinR1VlLQIFIbfhnMSM482VXAjC3y986euM9kCqfY6NVOp8iPwWCwch7KgVT310yD8Ufe-2TOgYnMdAQo7rvDlmwBJ2EMk5ls9ZpxjMyVLHiYxntjrxgo7fO13URmLuBMQx8GYPMEL5ogEpT5bxV5Mkcx2AhiAhlVaS1tyHVqnBWVki_z0PFzefg&amp;__tn__=-]K-R\"><span class=\"xt0psk2\"><span class=\"xjp7ctv\">Gradskoj knji\u017enici Ivan Vidali<\/span><\/span><\/a><\/span> predstavljanjem projekta u\u010denika 3. A razreda Srednje \u0161kole Petra \u0160egedina, izborna nastava pod mentorstvom prof. Josipe Favro Kurtovi\u0107, o iznimnim i zaslu\u017enim \u017eenama. <span class=\"html-span xexx8yu xyri2b x18d9i69 x1c1uobl x1hl2dhg x16tdsg8 x1vvkbs x3nfvp2 x1j61x8r x1fcty0u xdj266r xat24cr xm2jcoa x1mpyi22 xxymvpz xlup9mm x1kky2od\"><img decoding=\"async\" class=\"xz74otr x15mokao x1ga7v0g x16uus16 xbiv7yw\" src=\"https:\/\/static.xx.fbcdn.net\/images\/emoji.php\/v9\/tfe\/1\/16\/1f44f.png\" alt=\"\ud83d\udc4f\" width=\"16\" height=\"16\" \/><\/span><\/div>\n<\/div>\n<div class=\"x14z9mp xat24cr x1lziwak x1vvkbs xtlvy1s x126k92a\">\n<div dir=\"auto\">Nakon toga, u suradnji s udrugom <span class=\"html-span xdj266r x14z9mp xat24cr x1lziwak xexx8yu xyri2b x18d9i69 x1c1uobl x1hl2dhg x16tdsg8 x1vvkbs\"><a class=\"x1i10hfl xjbqb8w x1ejq31n x18oe1m7 x1sy0etr xstzfhl x972fbf x10w94by x1qhh985 x14e42zd x9f619 x1ypdohk xt0psk2 x3ct3a4 xdj266r x14z9mp xat24cr x1lziwak xexx8yu xyri2b x18d9i69 x1c1uobl x16tdsg8 x1hl2dhg xggy1nq x1a2a7pz xkrqix3 x1sur9pj x1fey0fg x1s688f\" tabindex=\"0\" role=\"link\" href=\"https:\/\/www.facebook.com\/korcula.after.party?__cft__[0]=AZZ989Sd1dnLinR1VlLQIFIbfhnMSM482VXAjC3y986euM9kCqfY6NVOp8iPwWCwch7KgVT310yD8Ufe-2TOgYnMdAQo7rvDlmwBJ2EMk5ls9ZpxjMyVLHiYxntjrxgo7fO13URmLuBMQx8GYPMEL5ogEpT5bxV5Mkcx2AhiAhlVaS1tyHVqnBWVki_z0PFzefg&amp;__tn__=-]K-R\"><span class=\"xt0psk2\"><span class=\"xjp7ctv\">KaP &#8211; Korc\u030cula<\/span><\/span><\/a><\/span>, odr\u017eano je predstavljanje knjige \u201eIronwoman\u201c autorice <span class=\"html-span xdj266r x14z9mp xat24cr x1lziwak xexx8yu xyri2b x18d9i69 x1c1uobl x1hl2dhg x16tdsg8 x1vvkbs\"><a class=\"x1i10hfl xjbqb8w x1ejq31n x18oe1m7 x1sy0etr xstzfhl x972fbf x10w94by x1qhh985 x14e42zd x9f619 x1ypdohk xt0psk2 x3ct3a4 xdj266r x14z9mp xat24cr x1lziwak xexx8yu xyri2b x18d9i69 x1c1uobl x16tdsg8 x1hl2dhg xggy1nq x1a2a7pz xkrqix3 x1sur9pj x1fey0fg x1s688f\" tabindex=\"0\" role=\"link\" href=\"https:\/\/www.facebook.com\/djurdjica.orepic?__cft__[0]=AZZ989Sd1dnLinR1VlLQIFIbfhnMSM482VXAjC3y986euM9kCqfY6NVOp8iPwWCwch7KgVT310yD8Ufe-2TOgYnMdAQo7rvDlmwBJ2EMk5ls9ZpxjMyVLHiYxntjrxgo7fO13URmLuBMQx8GYPMEL5ogEpT5bxV5Mkcx2AhiAhlVaS1tyHVqnBWVki_z0PFzefg&amp;__tn__=-]K-R\"><span class=\"xt0psk2\"><span class=\"xjp7ctv\">\u0110ur\u0111ice Orepi\u0107<\/span><\/span><\/a><\/span>, inspirativne sporta\u0161ice, poznate hrvatske triatlonke i motivacijske govornice koja je svoju nevjerojatnu \u017eivotnu pri\u010du preto\u010dila u knjigu. Razgovor je moderirala <span class=\"html-span xdj266r x14z9mp xat24cr x1lziwak xexx8yu xyri2b x18d9i69 x1c1uobl x1hl2dhg x16tdsg8 x1vvkbs\"><a class=\"x1i10hfl xjbqb8w x1ejq31n x18oe1m7 x1sy0etr xstzfhl x972fbf x10w94by x1qhh985 x14e42zd x9f619 x1ypdohk xt0psk2 x3ct3a4 xdj266r x14z9mp xat24cr x1lziwak xexx8yu xyri2b x18d9i69 x1c1uobl x16tdsg8 x1hl2dhg xggy1nq x1a2a7pz xkrqix3 x1sur9pj x1fey0fg x1s688f\" tabindex=\"0\" role=\"link\" href=\"https:\/\/www.facebook.com\/vinka.lozica?__cft__[0]=AZZ989Sd1dnLinR1VlLQIFIbfhnMSM482VXAjC3y986euM9kCqfY6NVOp8iPwWCwch7KgVT310yD8Ufe-2TOgYnMdAQo7rvDlmwBJ2EMk5ls9ZpxjMyVLHiYxntjrxgo7fO13URmLuBMQx8GYPMEL5ogEpT5bxV5Mkcx2AhiAhlVaS1tyHVqnBWVki_z0PFzefg&amp;__tn__=-]K-R\"><span class=\"xt0psk2\"><span class=\"xjp7ctv\">Vinka Lozica<\/span><\/span><\/a><\/span>.<\/div>\n<\/div>\n<div class=\"x14z9mp xat24cr x1lziwak x1vvkbs xtlvy1s x126k92a\">\n<div dir=\"auto\">Hvala svima koji su sudjelovali i svojim dolaskom podr\u017eali ovaj doga\u0111aj kako bi zajedno jo\u0161 jednom podsjetili na va\u017enost ravnopravnosti spolova i vidljivost \u017eena u dru\u0161tvu! <span class=\"html-span xexx8yu xyri2b x18d9i69 x1c1uobl x1hl2dhg x16tdsg8 x1vvkbs x3nfvp2 x1j61x8r x1fcty0u xdj266r xat24cr xm2jcoa x1mpyi22 xxymvpz xlup9mm x1kky2od\"><img decoding=\"async\" class=\"xz74otr x15mokao x1ga7v0g x16uus16 xbiv7yw\" src=\"https:\/\/static.xx.fbcdn.net\/images\/emoji.php\/v9\/tf0\/1\/16\/1f338.png\" alt=\"\ud83c\udf38\" width=\"16\" height=\"16\" \/><\/span><\/div>\n<div dir=\"auto\"><\/div>\n<\/div>\n<p>[\/et_pb_text][\/et_pb_column][\/et_pb_row][et_pb_row _builder_version=&#8221;4.27.6&#8243; _module_preset=&#8221;default&#8221; global_colors_info=&#8221;{}&#8221;][et_pb_column type=&#8221;4_4&#8243; _builder_version=&#8221;4.27.6&#8243; _module_preset=&#8221;default&#8221; global_colors_info=&#8221;{}&#8221;][et_pb_gallery gallery_ids=&#8221;2543,2544,2545,2546,2547&#8243; _builder_version=&#8221;4.27.6&#8243; _module_preset=&#8221;default&#8221; hover_enabled=&#8221;0&#8243; global_colors_info=&#8221;{}&#8221; show_title_and_caption=&#8221;off&#8221; show_pagination=&#8221;off&#8221; sticky_enabled=&#8221;0&#8243;][\/et_pb_gallery][\/et_pb_column][\/et_pb_row][\/et_pb_section]<\/p>\n","protected":false},"excerpt":{"rendered":"<p>Program povodom Me\u0111unarodnog dana \u017eena nastavili smo ju\u010der u Gradskoj knji\u017enici Ivan Vidali predstavljanjem projekta u\u010denika 3. A razreda Srednje \u0161kole Petra \u0160egedina, izborna nastava pod mentorstvom prof. Josipe Favro [&hellip;]<\/p>\n","protected":false},"author":3,"featured_media":2539,"comment_status":"closed","ping_status":"closed","sticky":false,"template":"","format":"standard","meta":{"_et_pb_use_builder":"on","_et_pb_old_content":"<div class=\"xdj266r x14z9mp xat24cr x1lziwak x1vvkbs x126k92a\"><div dir=\"auto\">Program povodom Me\u0111unarodnog dana \u017eena nastavili smo ju\u010der u <span class=\"html-span xdj266r x14z9mp xat24cr x1lziwak xexx8yu xyri2b x18d9i69 x1c1uobl x1hl2dhg x16tdsg8 x1vvkbs\"><a class=\"x1i10hfl xjbqb8w x1ejq31n x18oe1m7 x1sy0etr xstzfhl x972fbf x10w94by x1qhh985 x14e42zd x9f619 x1ypdohk xt0psk2 x3ct3a4 xdj266r x14z9mp xat24cr x1lziwak xexx8yu xyri2b x18d9i69 x1c1uobl x16tdsg8 x1hl2dhg xggy1nq x1a2a7pz xkrqix3 x1sur9pj x1fey0fg x1s688f\" tabindex=\"0\" role=\"link\" href=\"https:\/\/www.facebook.com\/GKKorcula?__cft__[0]=AZZ989Sd1dnLinR1VlLQIFIbfhnMSM482VXAjC3y986euM9kCqfY6NVOp8iPwWCwch7KgVT310yD8Ufe-2TOgYnMdAQo7rvDlmwBJ2EMk5ls9ZpxjMyVLHiYxntjrxgo7fO13URmLuBMQx8GYPMEL5ogEpT5bxV5Mkcx2AhiAhlVaS1tyHVqnBWVki_z0PFzefg&__tn__=-]K-R\"><span class=\"xt0psk2\"><span class=\"xjp7ctv\">Gradskoj knji\u017enici Ivan Vidali<\/span><\/span><\/a><\/span> predstavljanjem projekta u\u010denika 3. A razreda Srednje \u0161kole Petra \u0160egedina, izborna nastava pod mentorstvom prof. Josipe Favro Kurtovi\u0107, o iznimnim i zaslu\u017enim \u017eenama. <span class=\"html-span xexx8yu xyri2b x18d9i69 x1c1uobl x1hl2dhg x16tdsg8 x1vvkbs x3nfvp2 x1j61x8r x1fcty0u xdj266r xat24cr xm2jcoa x1mpyi22 xxymvpz xlup9mm x1kky2od\"><img class=\"xz74otr x15mokao x1ga7v0g x16uus16 xbiv7yw\" src=\"https:\/\/static.xx.fbcdn.net\/images\/emoji.php\/v9\/tfe\/1\/16\/1f44f.png\" alt=\"\ud83d\udc4f\" width=\"16\" height=\"16\" \/><\/span><\/div><\/div><div class=\"x14z9mp xat24cr x1lziwak x1vvkbs xtlvy1s x126k92a\"><div dir=\"auto\">Nakon toga, u suradnji s udrugom <span class=\"html-span xdj266r x14z9mp xat24cr x1lziwak xexx8yu xyri2b x18d9i69 x1c1uobl x1hl2dhg x16tdsg8 x1vvkbs\"><a class=\"x1i10hfl xjbqb8w x1ejq31n x18oe1m7 x1sy0etr xstzfhl x972fbf x10w94by x1qhh985 x14e42zd x9f619 x1ypdohk xt0psk2 x3ct3a4 xdj266r x14z9mp xat24cr x1lziwak xexx8yu xyri2b x18d9i69 x1c1uobl x16tdsg8 x1hl2dhg xggy1nq x1a2a7pz xkrqix3 x1sur9pj x1fey0fg x1s688f\" tabindex=\"0\" role=\"link\" href=\"https:\/\/www.facebook.com\/korcula.after.party?__cft__[0]=AZZ989Sd1dnLinR1VlLQIFIbfhnMSM482VXAjC3y986euM9kCqfY6NVOp8iPwWCwch7KgVT310yD8Ufe-2TOgYnMdAQo7rvDlmwBJ2EMk5ls9ZpxjMyVLHiYxntjrxgo7fO13URmLuBMQx8GYPMEL5ogEpT5bxV5Mkcx2AhiAhlVaS1tyHVqnBWVki_z0PFzefg&__tn__=-]K-R\"><span class=\"xt0psk2\"><span class=\"xjp7ctv\">KaP - Korc\u030cula<\/span><\/span><\/a><\/span>, odr\u017eano je predstavljanje knjige \u201eIronwoman\u201c autorice <span class=\"html-span xdj266r x14z9mp xat24cr x1lziwak xexx8yu xyri2b x18d9i69 x1c1uobl x1hl2dhg x16tdsg8 x1vvkbs\"><a class=\"x1i10hfl xjbqb8w x1ejq31n x18oe1m7 x1sy0etr xstzfhl x972fbf x10w94by x1qhh985 x14e42zd x9f619 x1ypdohk xt0psk2 x3ct3a4 xdj266r x14z9mp xat24cr x1lziwak xexx8yu xyri2b x18d9i69 x1c1uobl x16tdsg8 x1hl2dhg xggy1nq x1a2a7pz xkrqix3 x1sur9pj x1fey0fg x1s688f\" tabindex=\"0\" role=\"link\" href=\"https:\/\/www.facebook.com\/djurdjica.orepic?__cft__[0]=AZZ989Sd1dnLinR1VlLQIFIbfhnMSM482VXAjC3y986euM9kCqfY6NVOp8iPwWCwch7KgVT310yD8Ufe-2TOgYnMdAQo7rvDlmwBJ2EMk5ls9ZpxjMyVLHiYxntjrxgo7fO13URmLuBMQx8GYPMEL5ogEpT5bxV5Mkcx2AhiAhlVaS1tyHVqnBWVki_z0PFzefg&__tn__=-]K-R\"><span class=\"xt0psk2\"><span class=\"xjp7ctv\">\u0110ur\u0111ice Orepi\u0107<\/span><\/span><\/a><\/span>, inspirativne sporta\u0161ice, poznate hrvatske triatlonke i motivacijske govornice koja je svoju nevjerojatnu \u017eivotnu pri\u010du preto\u010dila u knjigu. Razgovor je moderirala <span class=\"html-span xdj266r x14z9mp xat24cr x1lziwak xexx8yu xyri2b x18d9i69 x1c1uobl x1hl2dhg x16tdsg8 x1vvkbs\"><a class=\"x1i10hfl xjbqb8w x1ejq31n x18oe1m7 x1sy0etr xstzfhl x972fbf x10w94by x1qhh985 x14e42zd x9f619 x1ypdohk xt0psk2 x3ct3a4 xdj266r x14z9mp xat24cr x1lziwak xexx8yu xyri2b x18d9i69 x1c1uobl x16tdsg8 x1hl2dhg xggy1nq x1a2a7pz xkrqix3 x1sur9pj x1fey0fg x1s688f\" tabindex=\"0\" role=\"link\" href=\"https:\/\/www.facebook.com\/vinka.lozica?__cft__[0]=AZZ989Sd1dnLinR1VlLQIFIbfhnMSM482VXAjC3y986euM9kCqfY6NVOp8iPwWCwch7KgVT310yD8Ufe-2TOgYnMdAQo7rvDlmwBJ2EMk5ls9ZpxjMyVLHiYxntjrxgo7fO13URmLuBMQx8GYPMEL5ogEpT5bxV5Mkcx2AhiAhlVaS1tyHVqnBWVki_z0PFzefg&__tn__=-]K-R\"><span class=\"xt0psk2\"><span class=\"xjp7ctv\">Vinka Lozica<\/span><\/span><\/a><\/span>.<\/div><\/div><div class=\"x14z9mp xat24cr x1lziwak x1vvkbs xtlvy1s x126k92a\"><div dir=\"auto\">Hvala svima koji su sudjelovali i svojim dolaskom podr\u017eali ovaj doga\u0111aj kako bi zajedno jo\u0161 jednom podsjetili na va\u017enost ravnopravnosti spolova i vidljivost \u017eena u dru\u0161tvu! <span class=\"html-span xexx8yu xyri2b x18d9i69 x1c1uobl x1hl2dhg x16tdsg8 x1vvkbs x3nfvp2 x1j61x8r x1fcty0u xdj266r xat24cr xm2jcoa x1mpyi22 xxymvpz xlup9mm x1kky2od\"><img class=\"xz74otr x15mokao x1ga7v0g x16uus16 xbiv7yw\" src=\"https:\/\/static.xx.fbcdn.net\/images\/emoji.php\/v9\/tf0\/1\/16\/1f338.png\" alt=\"\ud83c\udf38\" width=\"16\" height=\"16\" \/><\/span><\/div><div dir=\"auto\">\u00a0<\/div><\/div>","_et_gb_content_width":"","footnotes":""},"categories":[11],"tags":[],"class_list":["post-2538","post","type-post","status-publish","format-standard","has-post-thumbnail","hentry","category-aktualno"],"_links":{"self":[{"href":"https:\/\/gk-korcula.hr\/nova\/wp-json\/wp\/v2\/posts\/2538","targetHints":{"allow":["GET"]}}],"collection":[{"href":"https:\/\/gk-korcula.hr\/nova\/wp-json\/wp\/v2\/posts"}],"about":[{"href":"https:\/\/gk-korcula.hr\/nova\/wp-json\/wp\/v2\/types\/post"}],"author":[{"embeddable":true,"href":"https:\/\/gk-korcula.hr\/nova\/wp-json\/wp\/v2\/users\/3"}],"replies":[{"embeddable":true,"href":"https:\/\/gk-korcula.hr\/nova\/wp-json\/wp\/v2\/comments?post=2538"}],"version-history":[{"count":4,"href":"https:\/\/gk-korcula.hr\/nova\/wp-json\/wp\/v2\/posts\/2538\/revisions"}],"predecessor-version":[{"id":2550,"href":"https:\/\/gk-korcula.hr\/nova\/wp-json\/wp\/v2\/posts\/2538\/revisions\/2550"}],"wp:featuredmedia":[{"embeddable":true,"href":"https:\/\/gk-korcula.hr\/nova\/wp-json\/wp\/v2\/media\/2539"}],"wp:attachment":[{"href":"https:\/\/gk-korcula.hr\/nova\/wp-json\/wp\/v2\/media?parent=2538"}],"wp:term":[{"taxonomy":"category","embeddable":true,"href":"https:\/\/gk-korcula.hr\/nova\/wp-json\/wp\/v2\/categories?post=2538"},{"taxonomy":"post_tag","embeddable":true,"href":"https:\/\/gk-korcula.hr\/nova\/wp-json\/wp\/v2\/tags?post=2538"}],"curies":[{"name":"wp","href":"https:\/\/api.w.org\/{rel}","templated":true}]}}