{"id":2552,"date":"2026-03-23T08:40:09","date_gmt":"2026-03-23T07:40:09","guid":{"rendered":"https:\/\/gk-korcula.hr\/nova\/?p=2552"},"modified":"2026-03-23T08:40:09","modified_gmt":"2026-03-23T07:40:09","slug":"okrugli-stol-povijest-zenskih-borbi-je-li-otpor-uzaludan","status":"publish","type":"post","link":"https:\/\/gk-korcula.hr\/nova\/okrugli-stol-povijest-zenskih-borbi-je-li-otpor-uzaludan\/","title":{"rendered":"Okrugli stol \u201ePovijest \u017eenskih borbi \u2013 je li otpor uzaludan?\u201c"},"content":{"rendered":"<div class=\"xdj266r x14z9mp xat24cr x1lziwak x1vvkbs x126k92a\">\n<div dir=\"auto\">Okrugli stol \u201ePovijest \u017eenskih borbi \u2013 je li otpor uzaludan?\u201c u organizaciji <span class=\"html-span xdj266r x14z9mp xat24cr x1lziwak xexx8yu xyri2b x18d9i69 x1c1uobl x1hl2dhg x16tdsg8 x1vvkbs\"><a class=\"x1i10hfl xjbqb8w x1ejq31n x18oe1m7 x1sy0etr xstzfhl x972fbf x10w94by x1qhh985 x14e42zd x9f619 x1ypdohk xt0psk2 x3ct3a4 xdj266r x14z9mp xat24cr x1lziwak xexx8yu xyri2b x18d9i69 x1c1uobl x16tdsg8 x1hl2dhg xggy1nq x1a2a7pz xkrqix3 x1sur9pj x1fey0fg x1s688f\" tabindex=\"0\" role=\"link\" href=\"https:\/\/web.facebook.com\/korcula.after.party?__cft__[0]=AZb_qNrI_Jh0s8IvUEXcclCc_jotQTpTzN3LBPvxcn0VtXFUn0VQUQdP4zcXOBLUnGb9qfcqYumR6AYV040mvA2ilSWKPz9S5shmhMwlpGfp4M8FgfEDRQ4j_VdFuuRLX3Fg83IcRbNeXudEOsUNSnA-fGjrqEOd9kA4LHv8Qf73aNrkf4_86JWvi6htqew6xVQ&amp;__tn__=-]K-R\"><span class=\"xt0psk2\"><span class=\"xjp7ctv\">KaP &#8211; Korc\u030cula<\/span><\/span><\/a><\/span> odr\u017ean je u <span class=\"html-span xdj266r x14z9mp xat24cr x1lziwak xexx8yu xyri2b x18d9i69 x1c1uobl x1hl2dhg x16tdsg8 x1vvkbs\"><a class=\"x1i10hfl xjbqb8w x1ejq31n x18oe1m7 x1sy0etr xstzfhl x972fbf x10w94by x1qhh985 x14e42zd x9f619 x1ypdohk xt0psk2 x3ct3a4 xdj266r x14z9mp xat24cr x1lziwak xexx8yu xyri2b x18d9i69 x1c1uobl x16tdsg8 x1hl2dhg xggy1nq x1a2a7pz xkrqix3 x1sur9pj x1fey0fg x1s688f\" tabindex=\"0\" role=\"link\" href=\"https:\/\/web.facebook.com\/GKKorcula?__cft__[0]=AZb_qNrI_Jh0s8IvUEXcclCc_jotQTpTzN3LBPvxcn0VtXFUn0VQUQdP4zcXOBLUnGb9qfcqYumR6AYV040mvA2ilSWKPz9S5shmhMwlpGfp4M8FgfEDRQ4j_VdFuuRLX3Fg83IcRbNeXudEOsUNSnA-fGjrqEOd9kA4LHv8Qf73aNrkf4_86JWvi6htqew6xVQ&amp;__tn__=-]K-R\"><span class=\"xt0psk2\"><span class=\"xjp7ctv\">Gradskoj knji\u017enici <em>Ivan Vidali<\/em><\/span><\/span><\/a><\/span> u petak 20. o\u017eujka s po\u010detkom u 18.00 sati.<\/div>\n<\/div>\n<div class=\"x14z9mp xat24cr x1lziwak x1vvkbs xtlvy1s x126k92a\">\n<div dir=\"auto\">Razgovaralo se o kontinuitetu \u017eenskih borbi, o onome \u0161to je izboreno, ali i o izazovima s kojima se \u017eene suo\u010davaju danas \u2013 i za\u0161to je otpor i dalje va\u017ean.<\/div>\n<div dir=\"auto\">Sudionice okruglog stola bile su: Sanja Dumani\u0107 \u2013 istra\u017eiva\u010dica i aktivistkinja koja se bavi rodnom ravnopravno\u0161\u0107u i dru\u0161tvenim nejednakostima, Andrea Majica iz <span class=\"html-span xdj266r x14z9mp xat24cr x1lziwak xexx8yu xyri2b x18d9i69 x1c1uobl x1hl2dhg x16tdsg8 x1vvkbs\"><a class=\"x1i10hfl xjbqb8w x1ejq31n x18oe1m7 x1sy0etr xstzfhl x972fbf x10w94by x1qhh985 x14e42zd x9f619 x1ypdohk xt0psk2 x3ct3a4 xdj266r x14z9mp xat24cr x1lziwak xexx8yu xyri2b x18d9i69 x1c1uobl x16tdsg8 x1hl2dhg xggy1nq x1a2a7pz xkrqix3 x1sur9pj x1fey0fg x1s688f\" tabindex=\"0\" role=\"link\" href=\"https:\/\/web.facebook.com\/UdrugaDomine?__cft__[0]=AZb_qNrI_Jh0s8IvUEXcclCc_jotQTpTzN3LBPvxcn0VtXFUn0VQUQdP4zcXOBLUnGb9qfcqYumR6AYV040mvA2ilSWKPz9S5shmhMwlpGfp4M8FgfEDRQ4j_VdFuuRLX3Fg83IcRbNeXudEOsUNSnA-fGjrqEOd9kA4LHv8Qf73aNrkf4_86JWvi6htqew6xVQ&amp;__tn__=-]K-R\"><span class=\"xt0psk2\"><span class=\"xjp7ctv\">Udruge Domine<\/span><\/span><\/a><\/span> \u2013 dugogodi\u0161nja aktivistkinja i edukatorica u podru\u010dju \u017eenskih prava i borbe protiv nasilja i Bojana Genov iz <span class=\"html-span xdj266r x14z9mp xat24cr x1lziwak xexx8yu xyri2b x18d9i69 x1c1uobl x1hl2dhg x16tdsg8 x1vvkbs\"><a class=\"x1i10hfl xjbqb8w x1ejq31n x18oe1m7 x1sy0etr xstzfhl x972fbf x10w94by x1qhh985 x14e42zd x9f619 x1ypdohk xt0psk2 x3ct3a4 xdj266r x14z9mp xat24cr x1lziwak xexx8yu xyri2b x18d9i69 x1c1uobl x16tdsg8 x1hl2dhg xggy1nq x1a2a7pz xkrqix3 x1sur9pj x1fey0fg x1s688f\" tabindex=\"0\" role=\"link\" href=\"https:\/\/web.facebook.com\/ZenskaMrezaHrvatske?__cft__[0]=AZb_qNrI_Jh0s8IvUEXcclCc_jotQTpTzN3LBPvxcn0VtXFUn0VQUQdP4zcXOBLUnGb9qfcqYumR6AYV040mvA2ilSWKPz9S5shmhMwlpGfp4M8FgfEDRQ4j_VdFuuRLX3Fg83IcRbNeXudEOsUNSnA-fGjrqEOd9kA4LHv8Qf73aNrkf4_86JWvi6htqew6xVQ&amp;__tn__=-]K-R\"><span class=\"xt0psk2\"><span class=\"xjp7ctv\">\u017denske mre\u017ee Hrvatske<\/span><\/span><\/a><\/span> \u2013 feministi\u010dka aktivistkinja i zagovarateljica javnih politika za rodnu ravnopravnost.<\/div>\n<\/div>\n","protected":false},"excerpt":{"rendered":"<p>Okrugli stol \u201ePovijest \u017eenskih borbi \u2013 je li otpor uzaludan?\u201c u organizaciji KaP &#8211; Korc\u030cula odr\u017ean je u Gradskoj knji\u017enici Ivan Vidali u petak 20. o\u017eujka s po\u010detkom u 18.00 [&hellip;]<\/p>\n","protected":false},"author":3,"featured_media":2553,"comment_status":"closed","ping_status":"closed","sticky":false,"template":"","format":"standard","meta":{"_et_pb_use_builder":"","_et_pb_old_content":"","_et_gb_content_width":"","footnotes":""},"categories":[11],"tags":[],"class_list":["post-2552","post","type-post","status-publish","format-standard","has-post-thumbnail","hentry","category-aktualno"],"_links":{"self":[{"href":"https:\/\/gk-korcula.hr\/nova\/wp-json\/wp\/v2\/posts\/2552","targetHints":{"allow":["GET"]}}],"collection":[{"href":"https:\/\/gk-korcula.hr\/nova\/wp-json\/wp\/v2\/posts"}],"about":[{"href":"https:\/\/gk-korcula.hr\/nova\/wp-json\/wp\/v2\/types\/post"}],"author":[{"embeddable":true,"href":"https:\/\/gk-korcula.hr\/nova\/wp-json\/wp\/v2\/users\/3"}],"replies":[{"embeddable":true,"href":"https:\/\/gk-korcula.hr\/nova\/wp-json\/wp\/v2\/comments?post=2552"}],"version-history":[{"count":1,"href":"https:\/\/gk-korcula.hr\/nova\/wp-json\/wp\/v2\/posts\/2552\/revisions"}],"predecessor-version":[{"id":2554,"href":"https:\/\/gk-korcula.hr\/nova\/wp-json\/wp\/v2\/posts\/2552\/revisions\/2554"}],"wp:featuredmedia":[{"embeddable":true,"href":"https:\/\/gk-korcula.hr\/nova\/wp-json\/wp\/v2\/media\/2553"}],"wp:attachment":[{"href":"https:\/\/gk-korcula.hr\/nova\/wp-json\/wp\/v2\/media?parent=2552"}],"wp:term":[{"taxonomy":"category","embeddable":true,"href":"https:\/\/gk-korcula.hr\/nova\/wp-json\/wp\/v2\/categories?post=2552"},{"taxonomy":"post_tag","embeddable":true,"href":"https:\/\/gk-korcula.hr\/nova\/wp-json\/wp\/v2\/tags?post=2552"}],"curies":[{"name":"wp","href":"https:\/\/api.w.org\/{rel}","templated":true}]}}