{"id":2616,"date":"2026-04-23T20:34:44","date_gmt":"2026-04-23T18:34:44","guid":{"rendered":"https:\/\/gk-korcula.hr\/nova\/?p=2616"},"modified":"2026-04-27T08:36:04","modified_gmt":"2026-04-27T06:36:04","slug":"prezentacija-projekta-obljetnice-velikana-rijeci","status":"publish","type":"post","link":"https:\/\/gk-korcula.hr\/nova\/prezentacija-projekta-obljetnice-velikana-rijeci\/","title":{"rendered":"Prezentacija projekta &#8220;Obljetnice velikana rije\u010di&#8221;"},"content":{"rendered":"<div class=\"xdj266r x14z9mp xat24cr x1lziwak x1vvkbs x126k92a\">\n<div dir=\"auto\"><span class=\"html-span xdj266r x14z9mp xat24cr x1lziwak xexx8yu xyri2b x18d9i69 x1c1uobl x1hl2dhg x16tdsg8 x1vvkbs\"><a class=\"x1i10hfl xjbqb8w x1ejq31n x18oe1m7 x1sy0etr xstzfhl x972fbf x10w94by x1qhh985 x14e42zd x9f619 x1ypdohk xt0psk2 x3ct3a4 xdj266r x14z9mp xat24cr x1lziwak xexx8yu xyri2b x18d9i69 x1c1uobl x16tdsg8 x1hl2dhg xggy1nq x1a2a7pz xkrqix3 x1sur9pj x1fey0fg x1s688f\" tabindex=\"0\" role=\"link\" href=\"https:\/\/web.facebook.com\/nocknjige.hr?__cft__[0]=AZZjzYGq_FKImWNAIArp5jppXC6lbxNSm5snQK_5oKn4CsCE0Ld_6Q344rUJBewHpivmoOeq00elpiIrcm8lJq9TRmtDTYj94mAGLNJVknhghBAqhkgSSftIfI6b_zzaZn_YZwrJwpBR0fMvbXi-wCZz4clBgFhIVbLqPli_xOpomdBscSsu9QewdQ9lwATuWmI&amp;__tn__=-]K-R\"><span class=\"xt0psk2\">No\u0107 knjige<\/span><\/a><\/span> u Kor\u010duli obilje\u017eili smo i prezentacijom projekta &#8220;Obljetnice velikana rije\u010di&#8221; koju su pripremili u\u010denici 3 a razreda kor\u010dulanske gimnazije <span class=\"html-span xdj266r x14z9mp xat24cr x1lziwak xexx8yu xyri2b x18d9i69 x1c1uobl x1hl2dhg x16tdsg8 x1vvkbs\"><a class=\"x1i10hfl xjbqb8w x1ejq31n x18oe1m7 x1sy0etr xstzfhl x972fbf x10w94by x1qhh985 x14e42zd x9f619 x1ypdohk xt0psk2 x3ct3a4 xdj266r x14z9mp xat24cr x1lziwak xexx8yu xyri2b x18d9i69 x1c1uobl x16tdsg8 x1hl2dhg xggy1nq x1a2a7pz xkrqix3 x1sur9pj x1fey0fg x1s688f\" tabindex=\"0\" role=\"link\" href=\"https:\/\/web.facebook.com\/profile.php?id=100069091964965&amp;__cft__[0]=AZZjzYGq_FKImWNAIArp5jppXC6lbxNSm5snQK_5oKn4CsCE0Ld_6Q344rUJBewHpivmoOeq00elpiIrcm8lJq9TRmtDTYj94mAGLNJVknhghBAqhkgSSftIfI6b_zzaZn_YZwrJwpBR0fMvbXi-wCZz4clBgFhIVbLqPli_xOpomdBscSsu9QewdQ9lwATuWmI&amp;__tn__=-]K-R\"><span class=\"xt0psk2\"><span class=\"xjp7ctv\">Srednje \u0161kole Petra \u0160egedina Kor\u010dula<\/span><\/span><\/a><\/span>. Projekt, pod mentorstvom prof. <span class=\"html-span xdj266r x14z9mp xat24cr x1lziwak xexx8yu xyri2b x18d9i69 x1c1uobl x1hl2dhg x16tdsg8 x1vvkbs\"><a class=\"x1i10hfl xjbqb8w x1ejq31n x18oe1m7 x1sy0etr xstzfhl x972fbf x10w94by x1qhh985 x14e42zd x9f619 x1ypdohk xt0psk2 x3ct3a4 xdj266r x14z9mp xat24cr x1lziwak xexx8yu xyri2b x18d9i69 x1c1uobl x16tdsg8 x1hl2dhg xggy1nq x1a2a7pz xkrqix3 x1sur9pj x1fey0fg x1s688f\" tabindex=\"0\" role=\"link\" href=\"https:\/\/web.facebook.com\/skatulebatule?__cft__[0]=AZZjzYGq_FKImWNAIArp5jppXC6lbxNSm5snQK_5oKn4CsCE0Ld_6Q344rUJBewHpivmoOeq00elpiIrcm8lJq9TRmtDTYj94mAGLNJVknhghBAqhkgSSftIfI6b_zzaZn_YZwrJwpBR0fMvbXi-wCZz4clBgFhIVbLqPli_xOpomdBscSsu9QewdQ9lwATuWmI&amp;__tn__=-]K-R\"><span class=\"xt0psk2\"><span class=\"xjp7ctv\">Josipe Favro Kurtovi\u0107<\/span><\/span><\/a><\/span>, osmi\u0161ljen je upravo povodom No\u0107i knjige kako bi se prisjetili velikih obljetnica knji\u017eevnika, umjetnika i znanstvenika koje nas o\u010dekuju u ovoj godini. U kontekstu ovogodi\u0161nje teme manifestacije, u\u010denici su istra\u017eili kako su ideje mira, humanosti i zajedni\u0161tva utkane u knji\u017eevnost, znanost i umjetnost i prezentirali nam djela koja \u0161alju univerzalnu poruku kako smo svi, unato\u010d razlikama, dio istog svijeta te da rije\u010dima, znanjem i umjetno\u0161\u0107u mo\u017eemo graditi razumijevanje i mir.<\/div>\n<\/div>\n<div class=\"x14z9mp xat24cr x1lziwak x1vvkbs xtlvy1s x126k92a\">\n<div dir=\"auto\">Cilj je projekta, dakle, podsjetiti na vrijednosti kulturne i znanstvene ba\u0161tine koja nas svih povezuje i potaknuti u\u010denike na \u010ditanje, prou\u010davanje i kriti\u010dko promi\u0161ljanje, kreativno izra\u017eavanje, te osna\u017eiti njihove prezentacijske vje\u0161tine.<\/div>\n<\/div>\n","protected":false},"excerpt":{"rendered":"<p>No\u0107 knjige u Kor\u010duli obilje\u017eili smo i prezentacijom projekta &#8220;Obljetnice velikana rije\u010di&#8221; koju su pripremili u\u010denici 3 a razreda kor\u010dulanske gimnazije Srednje \u0161kole Petra \u0160egedina Kor\u010dula. Projekt, pod mentorstvom prof. [&hellip;]<\/p>\n","protected":false},"author":3,"featured_media":2617,"comment_status":"closed","ping_status":"closed","sticky":false,"template":"","format":"standard","meta":{"_et_pb_use_builder":"","_et_pb_old_content":"","_et_gb_content_width":"","footnotes":""},"categories":[11],"tags":[],"class_list":["post-2616","post","type-post","status-publish","format-standard","has-post-thumbnail","hentry","category-aktualno"],"_links":{"self":[{"href":"https:\/\/gk-korcula.hr\/nova\/wp-json\/wp\/v2\/posts\/2616","targetHints":{"allow":["GET"]}}],"collection":[{"href":"https:\/\/gk-korcula.hr\/nova\/wp-json\/wp\/v2\/posts"}],"about":[{"href":"https:\/\/gk-korcula.hr\/nova\/wp-json\/wp\/v2\/types\/post"}],"author":[{"embeddable":true,"href":"https:\/\/gk-korcula.hr\/nova\/wp-json\/wp\/v2\/users\/3"}],"replies":[{"embeddable":true,"href":"https:\/\/gk-korcula.hr\/nova\/wp-json\/wp\/v2\/comments?post=2616"}],"version-history":[{"count":1,"href":"https:\/\/gk-korcula.hr\/nova\/wp-json\/wp\/v2\/posts\/2616\/revisions"}],"predecessor-version":[{"id":2618,"href":"https:\/\/gk-korcula.hr\/nova\/wp-json\/wp\/v2\/posts\/2616\/revisions\/2618"}],"wp:featuredmedia":[{"embeddable":true,"href":"https:\/\/gk-korcula.hr\/nova\/wp-json\/wp\/v2\/media\/2617"}],"wp:attachment":[{"href":"https:\/\/gk-korcula.hr\/nova\/wp-json\/wp\/v2\/media?parent=2616"}],"wp:term":[{"taxonomy":"category","embeddable":true,"href":"https:\/\/gk-korcula.hr\/nova\/wp-json\/wp\/v2\/categories?post=2616"},{"taxonomy":"post_tag","embeddable":true,"href":"https:\/\/gk-korcula.hr\/nova\/wp-json\/wp\/v2\/tags?post=2616"}],"curies":[{"name":"wp","href":"https:\/\/api.w.org\/{rel}","templated":true}]}}