{"id":2619,"date":"2026-04-24T20:36:23","date_gmt":"2026-04-24T18:36:23","guid":{"rendered":"https:\/\/gk-korcula.hr\/nova\/?p=2619"},"modified":"2026-04-27T08:39:13","modified_gmt":"2026-04-27T06:39:13","slug":"predstavljanje-knjige-mala-knjiga-za-veliki-zivot-ande-maric","status":"publish","type":"post","link":"https:\/\/gk-korcula.hr\/nova\/predstavljanje-knjige-mala-knjiga-za-veliki-zivot-ande-maric\/","title":{"rendered":"Predstavljanje knjige &#8220;Mala knjiga za veliki \u017eivot&#8221; An\u0111e Mari\u0107"},"content":{"rendered":"<div class=\"xdj266r x14z9mp xat24cr x1lziwak x1vvkbs x126k92a\">\n<div dir=\"auto\">Program za obilje\u017eavanje ovogodi\u0161nje manifestacije <span class=\"html-span xdj266r x14z9mp xat24cr x1lziwak xexx8yu xyri2b x18d9i69 x1c1uobl x1hl2dhg x16tdsg8 x1vvkbs\"><a class=\"x1i10hfl xjbqb8w x1ejq31n x18oe1m7 x1sy0etr xstzfhl x972fbf x10w94by x1qhh985 x14e42zd x9f619 x1ypdohk xt0psk2 x3ct3a4 xdj266r x14z9mp xat24cr x1lziwak xexx8yu xyri2b x18d9i69 x1c1uobl x16tdsg8 x1hl2dhg xggy1nq x1a2a7pz xkrqix3 x1sur9pj x1fey0fg x1s688f\" tabindex=\"0\" role=\"link\" href=\"https:\/\/web.facebook.com\/nocknjige.hr?__cft__[0]=AZYvo6mhFo1BEjlFfbdaxmMxBFEk7_9kOl9XVv4-AUrbLtH5LVx-ZOjr9Mt5hpjo_HehKKgkx2_5uiUGPjlPgXIw7SgST78VfVnExVdyl6Wk4cVB-lsndsTadlKPhMh3_3DWO4eOTJwyORKAv1D_35ZHHmN8ke1jAj8_j6Ho2s8ZoeIqzQqkyPtipWLeSNMCwdU&amp;__tn__=-]K-R\"><span class=\"xt0psk2\"><span class=\"xjp7ctv\">No\u0107 knjige<\/span><\/span><\/a><\/span>, koju smo posvetili miru, zajedni\u0161tvu, nje\u017enosti i dijalogu, zavr\u0161avamo gostovanjem hrvatske glazbenice, spisateljice i motivatorice, nekada\u0161nje manekenke i TV voditeljice An\u0111e Mari\u0107.<\/div>\n<\/div>\n<div class=\"x14z9mp xat24cr x1lziwak x1vvkbs xtlvy1s x126k92a\">\n<div dir=\"auto\">An\u0111a nam je predstavila svoju <em>Malu knjigu za veliki \u017eivot<\/em> i podijelila s nama inspirativnu pri\u010du o samospoznaji i podsjetila nas je na va\u017enost posjedovanja svog vlastitog glasa, izri\u010daja i autenti\u010dnosti te da je ranjivost supermo\u0107 a savr\u0161enstvo je zlostavljanje samog sebe.<\/div>\n<\/div>\n<div class=\"x14z9mp xat24cr x1lziwak x1vvkbs xtlvy1s x126k92a\">\n<div dir=\"auto\">Bilo je to predivno, emotivno dru\u017eenje koje je otvorilo na\u0161a srca! Hvala An\u0111a!<\/div>\n<\/div>\n","protected":false},"excerpt":{"rendered":"<p>Program za obilje\u017eavanje ovogodi\u0161nje manifestacije No\u0107 knjige, koju smo posvetili miru, zajedni\u0161tvu, nje\u017enosti i dijalogu, zavr\u0161avamo gostovanjem hrvatske glazbenice, spisateljice i motivatorice, nekada\u0161nje manekenke i TV voditeljice An\u0111e Mari\u0107. An\u0111a [&hellip;]<\/p>\n","protected":false},"author":3,"featured_media":2620,"comment_status":"closed","ping_status":"closed","sticky":false,"template":"","format":"standard","meta":{"_et_pb_use_builder":"","_et_pb_old_content":"","_et_gb_content_width":"","footnotes":""},"categories":[11],"tags":[],"class_list":["post-2619","post","type-post","status-publish","format-standard","has-post-thumbnail","hentry","category-aktualno"],"_links":{"self":[{"href":"https:\/\/gk-korcula.hr\/nova\/wp-json\/wp\/v2\/posts\/2619","targetHints":{"allow":["GET"]}}],"collection":[{"href":"https:\/\/gk-korcula.hr\/nova\/wp-json\/wp\/v2\/posts"}],"about":[{"href":"https:\/\/gk-korcula.hr\/nova\/wp-json\/wp\/v2\/types\/post"}],"author":[{"embeddable":true,"href":"https:\/\/gk-korcula.hr\/nova\/wp-json\/wp\/v2\/users\/3"}],"replies":[{"embeddable":true,"href":"https:\/\/gk-korcula.hr\/nova\/wp-json\/wp\/v2\/comments?post=2619"}],"version-history":[{"count":1,"href":"https:\/\/gk-korcula.hr\/nova\/wp-json\/wp\/v2\/posts\/2619\/revisions"}],"predecessor-version":[{"id":2621,"href":"https:\/\/gk-korcula.hr\/nova\/wp-json\/wp\/v2\/posts\/2619\/revisions\/2621"}],"wp:featuredmedia":[{"embeddable":true,"href":"https:\/\/gk-korcula.hr\/nova\/wp-json\/wp\/v2\/media\/2620"}],"wp:attachment":[{"href":"https:\/\/gk-korcula.hr\/nova\/wp-json\/wp\/v2\/media?parent=2619"}],"wp:term":[{"taxonomy":"category","embeddable":true,"href":"https:\/\/gk-korcula.hr\/nova\/wp-json\/wp\/v2\/categories?post=2619"},{"taxonomy":"post_tag","embeddable":true,"href":"https:\/\/gk-korcula.hr\/nova\/wp-json\/wp\/v2\/tags?post=2619"}],"curies":[{"name":"wp","href":"https:\/\/api.w.org\/{rel}","templated":true}]}}