{"id":2626,"date":"2026-04-27T08:48:15","date_gmt":"2026-04-27T06:48:15","guid":{"rendered":"https:\/\/gk-korcula.hr\/nova\/?p=2626"},"modified":"2026-04-27T08:48:31","modified_gmt":"2026-04-27T06:48:31","slug":"2626-2","status":"publish","type":"post","link":"https:\/\/gk-korcula.hr\/nova\/2626-2\/","title":{"rendered":"Povijesni turisti\u010dki vodi\u010d Kor\u010dule [predavanje]"},"content":{"rendered":"<p class=\"m_-2034734110266225050mcePastedContent\"><strong>Pozivamo vas na predavanje o povijesnom turisti\u010dkom vodi\u010du Kor\u010dule koje \u0107e odr\u017eati Ante Cura\u0107 u Gradskoj knji\u017enici\u00a0<em>Ivan Vidali\u00a0<\/em>u utorak, 28. travnja, s po\u010detkom u 19.00 sati.<\/strong><\/p>\n<blockquote><p>U godinama neposredno nakon Prvog svjetskog rata u Kor\u010duli nije bilo turizma (1919.-1921. otok Kor\u010dula je bio pod Talijanskom okupacijom), no izgleda da je u godini 1922. ipak bilo ne\u0161to posjetitelja \u2013 turista, jer se je Kor\u010dulanski opat, Don Ma\u0161o Boduli\u0107, na\u0161ao ponukan tiskati svojevrstan vodi\u010d za strane posjetitelje.<\/p>\n<p>Tko je bio spomenuti pisac?<\/p>\n<p>Don Maksimilijan (Kor\u010dulanima poznatiji kao Dun Ma\u0161o), Boduli\u0107, ro\u0111en je u Kor\u010duli 1866., a umro u Dubrovniku 1935. godine. Zavr\u0161io je studij teologije u Zadru, bio sve\u0107enik u Pupnatu, u Lumbardi i u Kor\u010duli. Godine 1919. imenovan je Kor\u010dulanskim mitronosnim opatom, arhiprezbiterom i dekanom. Vi\u0161e puta je bio op\u0107inski i banski vije\u0107nik Primorske banovine, uvijek dosljedan Pavlinovi\u0107evim i Klai\u0107evim na\u010delima narodnog jedinstva.<\/p>\n<p>Dok je bio Kor\u010dulanski opat, njegovim zauzimanjem obnovljena je katedrala. Sura\u0111ivao je svojim \u010dlancima u nekoliko novina dvadesetih i tridesetih godina pro\u0161log stolje\u0107a. Njegova kratka povijest Kor\u010dule objavljena je na njema\u010dkom jeziku u Kromerizu u \u010ceskoj 1911. i 1929. godine (izvor: Hrvatski biografski leksikon).<\/p>\n<p>Vrlo je vjerojatno da se je po starome gradu Kor\u010duli jo\u0161 prije Prvog svjetskog rata moglo vidjeti znati\u017eeljne strance u obilasku njegovih starina. Mnogi su se vjerojatno zaustavljali i propitkivali \u017eupnika Dun Ma\u0161u, pa je ovaj vrijedan sve\u0107enik odlu\u010dio napisati kratak izvadak iz povijesti svojega grada, namijenjen njegovim posjetiteljima. To je, dakle, prvi vodi\u010d (bedeker, kako su se tada zvale sli\u010dne tiskovine) za posjetitelje Kor\u010dule.<\/p><\/blockquote>\n<p style=\"text-align: right;\"><em>~ Ante Cura\u0107, Turizmoteka, 2026.<\/em><\/p>\n","protected":false},"excerpt":{"rendered":"<p>Pozivamo vas na predavanje o povijesnom turisti\u010dkom vodi\u010du Kor\u010dule koje \u0107e odr\u017eati Ante Cura\u0107 u Gradskoj knji\u017enici\u00a0Ivan Vidali\u00a0u utorak, 28. travnja, s po\u010detkom u 19.00 sati. U godinama neposredno nakon [&hellip;]<\/p>\n","protected":false},"author":3,"featured_media":2627,"comment_status":"closed","ping_status":"closed","sticky":false,"template":"","format":"standard","meta":{"_et_pb_use_builder":"","_et_pb_old_content":"","_et_gb_content_width":"","footnotes":""},"categories":[10],"tags":[],"class_list":["post-2626","post","type-post","status-publish","format-standard","has-post-thumbnail","hentry","category-najave-dogadaja"],"_links":{"self":[{"href":"https:\/\/gk-korcula.hr\/nova\/wp-json\/wp\/v2\/posts\/2626","targetHints":{"allow":["GET"]}}],"collection":[{"href":"https:\/\/gk-korcula.hr\/nova\/wp-json\/wp\/v2\/posts"}],"about":[{"href":"https:\/\/gk-korcula.hr\/nova\/wp-json\/wp\/v2\/types\/post"}],"author":[{"embeddable":true,"href":"https:\/\/gk-korcula.hr\/nova\/wp-json\/wp\/v2\/users\/3"}],"replies":[{"embeddable":true,"href":"https:\/\/gk-korcula.hr\/nova\/wp-json\/wp\/v2\/comments?post=2626"}],"version-history":[{"count":2,"href":"https:\/\/gk-korcula.hr\/nova\/wp-json\/wp\/v2\/posts\/2626\/revisions"}],"predecessor-version":[{"id":2629,"href":"https:\/\/gk-korcula.hr\/nova\/wp-json\/wp\/v2\/posts\/2626\/revisions\/2629"}],"wp:featuredmedia":[{"embeddable":true,"href":"https:\/\/gk-korcula.hr\/nova\/wp-json\/wp\/v2\/media\/2627"}],"wp:attachment":[{"href":"https:\/\/gk-korcula.hr\/nova\/wp-json\/wp\/v2\/media?parent=2626"}],"wp:term":[{"taxonomy":"category","embeddable":true,"href":"https:\/\/gk-korcula.hr\/nova\/wp-json\/wp\/v2\/categories?post=2626"},{"taxonomy":"post_tag","embeddable":true,"href":"https:\/\/gk-korcula.hr\/nova\/wp-json\/wp\/v2\/tags?post=2626"}],"curies":[{"name":"wp","href":"https:\/\/api.w.org\/{rel}","templated":true}]}}