{"id":598,"date":"2024-07-16T11:49:41","date_gmt":"2024-07-16T11:49:41","guid":{"rendered":"https:\/\/gk-korcula.hr\/nova\/?p=598"},"modified":"2024-07-16T11:50:49","modified_gmt":"2024-07-16T11:50:49","slug":"kreativne-radionice","status":"publish","type":"post","link":"https:\/\/gk-korcula.hr\/nova\/kreativne-radionice\/","title":{"rendered":"Kreativne radionice"},"content":{"rendered":"<p>[et_pb_section fb_built=&#8221;1&#8243; admin_label=&#8221;section&#8221; _builder_version=&#8221;4.16&#8243; global_colors_info=&#8221;{}&#8221;][et_pb_row admin_label=&#8221;row&#8221; _builder_version=&#8221;4.16&#8243; background_size=&#8221;initial&#8221; background_position=&#8221;top_left&#8221; background_repeat=&#8221;repeat&#8221; global_colors_info=&#8221;{}&#8221;][et_pb_column type=&#8221;4_4&#8243; _builder_version=&#8221;4.16&#8243; custom_padding=&#8221;|||&#8221; global_colors_info=&#8221;{}&#8221; custom_padding__hover=&#8221;|||&#8221;][et_pb_text admin_label=&#8221;Text&#8221; _builder_version=&#8221;4.16&#8243; background_size=&#8221;initial&#8221; background_position=&#8221;top_left&#8221; background_repeat=&#8221;repeat&#8221; global_colors_info=&#8221;{}&#8221;]Ve\u0107 tradicionalne kreativne likovne radionice za djecu odr\u017eavaju se svakog \u010detvrtka u prostoru knji\u017enice tijekom srpnja i kolovoza.<\/p>\n<p>Sudjelovanjem na radionicama, polaznici svladavaju razli\u010dite likovne tehnike, izra\u0111uju razne upotrebne ili ukrasne predmete kori\u0161tenjem likovnih i  modelarskih oblika umjetni\u010dkog izra\u017eavanja, te se upoznaju s novim kreativnim vje\u0161tinama poput origamija, kirigamija, makramea, mozaika, uz uporabu razli\u010ditih materijala.<\/p>\n<p>Radionice vode knji\u017eni\u010darke ili likovni umjetnici i pedagozi volonterski. Vrlo dobra suradnja u organiziranju radionica na otvorenim prostorima u okolnim mjestima i selima, ostvarena je s udrugom Art petak i gradskim dru\u0161tvom Crvenog kri\u017ea Kor\u010dula.[\/et_pb_text][et_pb_button button_text=&#8221;Sudjeluj na sljede\u0107oj radionici&#8221; _builder_version=&#8221;4.26.0&#8243; _module_preset=&#8221;default&#8221; hover_enabled=&#8221;0&#8243; sticky_enabled=&#8221;0&#8243;][\/et_pb_button][\/et_pb_column][\/et_pb_row][\/et_pb_section]<\/p>\n","protected":false},"excerpt":{"rendered":"<p>Ve\u0107 tradicionalne kreativne likovne radionice za djecu odr\u017eavaju se svakog \u010detvrtka u prostoru knji\u017enice tijekom srpnja i kolovoza. Sudjelovanjem na radionicama, polaznici svladavaju razli\u010dite likovne tehnike, izra\u0111uju razne upotrebne ili [&hellip;]<\/p>\n","protected":false},"author":1,"featured_media":587,"comment_status":"open","ping_status":"open","sticky":false,"template":"","format":"standard","meta":{"_et_pb_use_builder":"on","_et_pb_old_content":"Ve\u0107 tradicionalne kreativne likovne radionice za djecu odr\u017eavaju se svakog \u010detvrtka u prostoru knji\u017enice tijekom srpnja i kolovoza.\r\n\r\nSudjelovanjem na radionicama, polaznici svladavaju razli\u010dite likovne tehnike, izra\u0111uju razne upotrebne ili ukrasne predmete kori\u0161tenjem likovnih i  modelarskih oblika umjetni\u010dkog izra\u017eavanja, te se upoznaju s novim kreativnim vje\u0161tinama poput origamija, kirigamija, makramea, mozaika, uz uporabu razli\u010ditih materijala.\r\n\r\nRadionice vode knji\u017eni\u010darke ili likovni umjetnici i pedagozi volonterski. Vrlo dobra suradnja u organiziranju radionica na otvorenim prostorima u okolnim mjestima i selima, ostvarena je s udrugom Art petak i gradskim dru\u0161tvom Crvenog kri\u017ea Kor\u010dula.","_et_gb_content_width":"","footnotes":""},"categories":[3],"tags":[],"class_list":["post-598","post","type-post","status-publish","format-standard","has-post-thumbnail","hentry","category-djeca"],"_links":{"self":[{"href":"https:\/\/gk-korcula.hr\/nova\/wp-json\/wp\/v2\/posts\/598","targetHints":{"allow":["GET"]}}],"collection":[{"href":"https:\/\/gk-korcula.hr\/nova\/wp-json\/wp\/v2\/posts"}],"about":[{"href":"https:\/\/gk-korcula.hr\/nova\/wp-json\/wp\/v2\/types\/post"}],"author":[{"embeddable":true,"href":"https:\/\/gk-korcula.hr\/nova\/wp-json\/wp\/v2\/users\/1"}],"replies":[{"embeddable":true,"href":"https:\/\/gk-korcula.hr\/nova\/wp-json\/wp\/v2\/comments?post=598"}],"version-history":[{"count":3,"href":"https:\/\/gk-korcula.hr\/nova\/wp-json\/wp\/v2\/posts\/598\/revisions"}],"predecessor-version":[{"id":601,"href":"https:\/\/gk-korcula.hr\/nova\/wp-json\/wp\/v2\/posts\/598\/revisions\/601"}],"wp:featuredmedia":[{"embeddable":true,"href":"https:\/\/gk-korcula.hr\/nova\/wp-json\/wp\/v2\/media\/587"}],"wp:attachment":[{"href":"https:\/\/gk-korcula.hr\/nova\/wp-json\/wp\/v2\/media?parent=598"}],"wp:term":[{"taxonomy":"category","embeddable":true,"href":"https:\/\/gk-korcula.hr\/nova\/wp-json\/wp\/v2\/categories?post=598"},{"taxonomy":"post_tag","embeddable":true,"href":"https:\/\/gk-korcula.hr\/nova\/wp-json\/wp\/v2\/tags?post=598"}],"curies":[{"name":"wp","href":"https:\/\/api.w.org\/{rel}","templated":true}]}}