{"id":60,"date":"2024-05-26T17:52:29","date_gmt":"2024-05-26T17:52:29","guid":{"rendered":"https:\/\/gk-korcula.hr\/nova\/?p=60"},"modified":"2024-07-16T10:59:18","modified_gmt":"2024-07-16T10:59:18","slug":"pricom-u-sridu","status":"publish","type":"post","link":"https:\/\/gk-korcula.hr\/nova\/pricom-u-sridu\/","title":{"rendered":"Pri\u010dom u sridu"},"content":{"rendered":"<p>[et_pb_section][et_pb_row][et_pb_column type=&#8221;4_4&#8243;][et_pb_text]U 2018. godini Gradska knji\u017enica Ivan Vidali, u suradnji s Dje\u010djim vrti\u0107em Kor\u010dula, zapo\u010dela je aktivnosti na realizaciji programa Pri\u010dom u sridu.<\/p>\n<p>Svake srijede s po\u010detkom u 10 sati organizira se pri\u010daonica za djecu vrti\u0107ke i pred\u0161kolske dobe na kojoj se djeci \u010ditaju odabrane slikovnice, prigodne ili pou\u010dne pri\u010de, nakon \u010dega djeca raspravljaju o pro\u010ditanom, izra\u017eavaju svoje<br \/>\nmi\u0161ljenje i stav ili vlastito kreativno nadahnu\u0107e pri\u010dom oblikuju likovno.<\/p>\n<p>Cilj programa je popularizirati \u010ditanje te poticati najmla\u0111e korisnike da dolaze u Gradsku knji\u017enicu i koriste njene usluge.[\/et_pb_text][\/et_pb_column][\/et_pb_row][\/et_pb_section]<\/p>\n","protected":false},"excerpt":{"rendered":"<p><div class=\"et_pb_section et_pb_section_0 et_section_regular\" >\n\t\t\t\t\n\t\t\t\t\n\t\t\t\t\n\t\t\t\t\n\t\t\t\t\n\t\t\t\t\n\t\t\t\t\n\t\t\t\t\n\t\t\t\t\n\t\t\t<\/div><div class=\"et_pb_row et_pb_row_0 et_pb_row_empty\">\n\t\t\t\t\n\t\t\t\t\n\t\t\t\t\n\t\t\t\t\n\t\t\t\t\n\t\t\t<\/div><div class=\"et_pb_module et_pb_text et_pb_text_0  et_pb_text_align_left et_pb_bg_layout_light\">\n\t\t\t\t\n\t\t\t\t\n\t\t\t\t\n\t\t\t\t\n\t\t\t\t\n\t\t\t<\/div>U 2018. godini Gradska knji\u017enica Ivan Vidali, u suradnji s Dje\u010djim vrti\u0107em Kor\u010dula, zapo\u010dela je aktivnosti na realizaciji programa Pri\u010dom u sridu. Svake srijede s po\u010detkom u 10 sati organizira [&hellip;]<\/p>\n","protected":false},"author":1,"featured_media":61,"comment_status":"open","ping_status":"open","sticky":false,"template":"","format":"standard","meta":{"_et_pb_use_builder":"on","_et_pb_old_content":"U 2018. godini Gradska knji\u017enica Ivan Vidali, u suradnji s Dje\u010djim vrti\u0107em Kor\u010dula, zapo\u010dela je aktivnosti na realizaciji programa Pri\u010dom u sridu.\r\n\r\nSvake srijede s po\u010detkom u 10 sati organizira se pri\u010daonica za djecu vrti\u0107ke i pred\u0161kolske dobe na kojoj se djeci \u010ditaju odabrane slikovnice, prigodne ili pou\u010dne pri\u010de, nakon \u010dega djeca raspravljaju o pro\u010ditanom, izra\u017eavaju svoje\r\nmi\u0161ljenje i stav ili vlastito kreativno nadahnu\u0107e pri\u010dom oblikuju likovno.\r\n\r\nCilj programa je popularizirati \u010ditanje te poticati najmla\u0111e korisnike da dolaze u Gradsku knji\u017enicu i koriste njene usluge.","_et_gb_content_width":"","footnotes":""},"categories":[3],"tags":[],"class_list":["post-60","post","type-post","status-publish","format-standard","has-post-thumbnail","hentry","category-djeca"],"_links":{"self":[{"href":"https:\/\/gk-korcula.hr\/nova\/wp-json\/wp\/v2\/posts\/60","targetHints":{"allow":["GET"]}}],"collection":[{"href":"https:\/\/gk-korcula.hr\/nova\/wp-json\/wp\/v2\/posts"}],"about":[{"href":"https:\/\/gk-korcula.hr\/nova\/wp-json\/wp\/v2\/types\/post"}],"author":[{"embeddable":true,"href":"https:\/\/gk-korcula.hr\/nova\/wp-json\/wp\/v2\/users\/1"}],"replies":[{"embeddable":true,"href":"https:\/\/gk-korcula.hr\/nova\/wp-json\/wp\/v2\/comments?post=60"}],"version-history":[{"count":3,"href":"https:\/\/gk-korcula.hr\/nova\/wp-json\/wp\/v2\/posts\/60\/revisions"}],"predecessor-version":[{"id":576,"href":"https:\/\/gk-korcula.hr\/nova\/wp-json\/wp\/v2\/posts\/60\/revisions\/576"}],"wp:featuredmedia":[{"embeddable":true,"href":"https:\/\/gk-korcula.hr\/nova\/wp-json\/wp\/v2\/media\/61"}],"wp:attachment":[{"href":"https:\/\/gk-korcula.hr\/nova\/wp-json\/wp\/v2\/media?parent=60"}],"wp:term":[{"taxonomy":"category","embeddable":true,"href":"https:\/\/gk-korcula.hr\/nova\/wp-json\/wp\/v2\/categories?post=60"},{"taxonomy":"post_tag","embeddable":true,"href":"https:\/\/gk-korcula.hr\/nova\/wp-json\/wp\/v2\/tags?post=60"}],"curies":[{"name":"wp","href":"https:\/\/api.w.org\/{rel}","templated":true}]}}