{"id":616,"date":"2024-07-16T12:20:31","date_gmt":"2024-07-16T12:20:31","guid":{"rendered":"https:\/\/gk-korcula.hr\/nova\/?p=616"},"modified":"2024-09-02T10:58:30","modified_gmt":"2024-09-02T08:58:30","slug":"korculanski-festival-knjizevnosti","status":"publish","type":"post","link":"https:\/\/gk-korcula.hr\/nova\/korculanski-festival-knjizevnosti\/","title":{"rendered":"Kor\u010dulanski festival knji\u017eevnosti"},"content":{"rendered":"<p>[et_pb_section fb_built=&#8221;1&#8243; admin_label=&#8221;section&#8221; _builder_version=&#8221;4.16&#8243; global_colors_info=&#8221;{}&#8221;][et_pb_row admin_label=&#8221;row&#8221; _builder_version=&#8221;4.16&#8243; background_size=&#8221;initial&#8221; background_position=&#8221;top_left&#8221; background_repeat=&#8221;repeat&#8221; global_colors_info=&#8221;{}&#8221;][et_pb_column type=&#8221;4_4&#8243; _builder_version=&#8221;4.16&#8243; custom_padding=&#8221;|||&#8221; global_colors_info=&#8221;{}&#8221; custom_padding__hover=&#8221;|||&#8221;][et_pb_text admin_label=&#8221;Text&#8221; _builder_version=&#8221;4.26.0&#8243; background_size=&#8221;initial&#8221; background_position=&#8221;top_left&#8221; background_repeat=&#8221;repeat&#8221; global_colors_info=&#8221;{}&#8221;]<\/p>\n<p><strong>Kor\u010dulanski festival knji\u017eevnosti<\/strong> je manifestacija namijenjena djeci pred\u0161kolske i osnovno\u0161kolske dobi, s ciljem poticanja \u010ditateljske pismenosti i dostupnosti interdisciplinarnih i umjetni\u010dkih programa na otoku Kor\u010duli.<\/p>\n<p>Program petodnevnog festivala kodr\u017eava se tijekom rujna, a organiziraju se razni knji\u017eevni susreti i radionice na kojima gostuju knji\u017eevnici za djecu, strip autori i crta\u010di, te ilustratori.<\/p>\n<p>[\/et_pb_text][\/et_pb_column][\/et_pb_row][\/et_pb_section]<\/p>\n","protected":false},"excerpt":{"rendered":"<p>Kor\u010dulanski festival knji\u017eevnosti je manifestacija namijenjena djeci pred\u0161kolske i osnovno\u0161kolske dobi, s ciljem poticanja \u010ditateljske pismenosti i dostupnosti interdisciplinarnih i umjetni\u010dkih programa na otoku Kor\u010duli. Program petodnevnog festivala kodr\u017eava se [&hellip;]<\/p>\n","protected":false},"author":1,"featured_media":586,"comment_status":"open","ping_status":"open","sticky":false,"template":"","format":"standard","meta":{"_et_pb_use_builder":"on","_et_pb_old_content":"Kor\u010dulanski festival knji\u017eevnosti je manifestacija namijenjena djeci pred\u0161kolske i osnovno\u0161kolske dobi, s ciljem poticanja \u010ditateljske pismenosti i dostupnosti interdisciplinarnih i umjetni\u010dkih programa na otoku Kor\u010duli.\r\n\r\nProgram petodnevnog festivala kodr\u017eava se tijekom rujna, a organiziraju se razni knji\u017eevni susreti i radionice na kojima gostuju knji\u017eevnici za djecu, strip autori i crta\u010di, te  ilustratori.","_et_gb_content_width":"","footnotes":""},"categories":[3],"tags":[],"class_list":["post-616","post","type-post","status-publish","format-standard","has-post-thumbnail","hentry","category-djeca"],"_links":{"self":[{"href":"https:\/\/gk-korcula.hr\/nova\/wp-json\/wp\/v2\/posts\/616","targetHints":{"allow":["GET"]}}],"collection":[{"href":"https:\/\/gk-korcula.hr\/nova\/wp-json\/wp\/v2\/posts"}],"about":[{"href":"https:\/\/gk-korcula.hr\/nova\/wp-json\/wp\/v2\/types\/post"}],"author":[{"embeddable":true,"href":"https:\/\/gk-korcula.hr\/nova\/wp-json\/wp\/v2\/users\/1"}],"replies":[{"embeddable":true,"href":"https:\/\/gk-korcula.hr\/nova\/wp-json\/wp\/v2\/comments?post=616"}],"version-history":[{"count":4,"href":"https:\/\/gk-korcula.hr\/nova\/wp-json\/wp\/v2\/posts\/616\/revisions"}],"predecessor-version":[{"id":1285,"href":"https:\/\/gk-korcula.hr\/nova\/wp-json\/wp\/v2\/posts\/616\/revisions\/1285"}],"wp:featuredmedia":[{"embeddable":true,"href":"https:\/\/gk-korcula.hr\/nova\/wp-json\/wp\/v2\/media\/586"}],"wp:attachment":[{"href":"https:\/\/gk-korcula.hr\/nova\/wp-json\/wp\/v2\/media?parent=616"}],"wp:term":[{"taxonomy":"category","embeddable":true,"href":"https:\/\/gk-korcula.hr\/nova\/wp-json\/wp\/v2\/categories?post=616"},{"taxonomy":"post_tag","embeddable":true,"href":"https:\/\/gk-korcula.hr\/nova\/wp-json\/wp\/v2\/tags?post=616"}],"curies":[{"name":"wp","href":"https:\/\/api.w.org\/{rel}","templated":true}]}}