{"id":621,"date":"2024-07-16T12:24:25","date_gmt":"2024-07-16T12:24:25","guid":{"rendered":"https:\/\/gk-korcula.hr\/nova\/?p=621"},"modified":"2024-07-17T18:47:21","modified_gmt":"2024-07-17T16:47:21","slug":"korculanska-bastina-djeca","status":"publish","type":"post","link":"https:\/\/gk-korcula.hr\/nova\/korculanska-bastina-djeca\/","title":{"rendered":"Kor\u010dulanska ba\u0161tina"},"content":{"rendered":"<p>[et_pb_section fb_built=&#8221;1&#8243; admin_label=&#8221;section&#8221; _builder_version=&#8221;4.16&#8243; global_colors_info=&#8221;{}&#8221;][et_pb_row admin_label=&#8221;row&#8221; _builder_version=&#8221;4.16&#8243; background_size=&#8221;initial&#8221; background_position=&#8221;top_left&#8221; background_repeat=&#8221;repeat&#8221; global_colors_info=&#8221;{}&#8221;][et_pb_column type=&#8221;4_4&#8243; _builder_version=&#8221;4.16&#8243; custom_padding=&#8221;|||&#8221; global_colors_info=&#8221;{}&#8221; custom_padding__hover=&#8221;|||&#8221;][et_pb_text admin_label=&#8221;Text&#8221; _builder_version=&#8221;4.26.0&#8243; background_size=&#8221;initial&#8221; background_position=&#8221;top_left&#8221; background_repeat=&#8221;repeat&#8221; hover_enabled=&#8221;0&#8243; global_colors_info=&#8221;{}&#8221; sticky_enabled=&#8221;0&#8243;]<\/p>\n<p><span style=\"color: #333333;\">Natje\u010daji su posve\u0107eni razli\u010ditim temama: PRI\u010cE NA\u0160IH STARIH (2012.), FOLKLOR NA\u0160EG ZAVI\u010cAJA (2013.), ZABORAVLJENI STARI PREDMETI (2014.), SVJETILJKE NA\u0160IH STARIH (2015.), IGRE I IGRA\u010cKE NA\u0160IH STARIH (2016.), GOVOR NA\u0160EG ZAVI\u010cAJA (2017.), NARODNI OBI\u010cAJI NA\u0160EG ZAVI\u010cAJA (2018.), GLAZBA NA\u0160EG ZAVI\u010cAJA (2019.), OSOBITE PU\u010cKE IZREKE (2020.), \u0160TO SU JELI NA\u0160I STARI? (2021.), i KAKO SU SE ODIJEVALI NA\u0160I STARI (2022.), KOR\u010cULA U DOBA MARKA POLA (2023.).<\/span><\/p>\n<p>Gradska knji\u017enica <strong>Ivan Vidali<\/strong> iz Kor\u010dule od 2012. godine nositelj je projekta <strong>Kor\u010dulanska ba\u0161tina<\/strong>. Projekt je dugoro\u010dan, a ostvaruje se u suradnji knji\u017enice i Turisti\u010dkih zajednica Grada Kor\u010dule i Op\u0107ine Lumbarda. Zami\u0161ljen je kao edukativno \u2013 kreativni model povezivanja nastavnog programa osnovno\u0161kolaca s ustanovama u kulturi i turizmu na stvaranju kulturno-turisti\u010dkog identiteta Grada Kor\u010dule. Cilj projekta je kroz literarno, likovno i dramsko izra\u017eavanje u\u010denika, osvijestiti kod mladih va\u017enost \u010duvanja kor\u010dulanskih tradicijskih i kulturnih vrijednosti.<\/p>\n<p>Zavi\u010dajna ba\u0161tina, nezaobilazan je \u010dimbenik u kulturno-turisti\u010dkoj promociji lokalne zajednice. Kor\u010dula, kao turisti\u010dka destinacija bogate kulturne ba\u0161tine, ima dovoljno resursa koji joj mogu osigurati prepoznatljivost na svjetskom turisti\u010dkom tr\u017ei\u0161tu. Na putu stvaranja identiteta grada i otoka, izniman zna\u010daj ima \u010duvanje zavi\u010dajne gra\u0111e i razvijanje svijesti o va\u017enosti njena prou\u010davanja i prezentacije. Knji\u017enica je, po prirodi svoje djelatnosti, mjesto gdje se takva gra\u0111a prikuplja, obra\u0111uje, \u010duva, popularizira i daje na kori\u0161tenje, a turisti\u010dkim zajednicama u interesu je kulturno- turisti\u010dka promocija zavi\u010daja.<\/p>\n<p>Jednom godi\u0161nje, u vrijeme obilje\u017eavanja <strong>Mjeseca hrvatske knjige<\/strong>, organizatori raspisuju natje\u010daj za najbolja likovna, literarna i dramska ostvarenja na zadanu temu s ciljem o\u010duvanja kor\u010dulanske kulturne ba\u0161tine.<\/p>\n<p>[\/et_pb_text][\/et_pb_column][\/et_pb_row][\/et_pb_section]<\/p>\n","protected":false},"excerpt":{"rendered":"<p>Natje\u010daji su posve\u0107eni razli\u010ditim temama: PRI\u010cE NA\u0160IH STARIH (2012.), FOLKLOR NA\u0160EG ZAVI\u010cAJA (2013.), ZABORAVLJENI STARI PREDMETI (2014.), SVJETILJKE NA\u0160IH STARIH (2015.), IGRE I IGRA\u010cKE NA\u0160IH STARIH (2016.), GOVOR NA\u0160EG ZAVI\u010cAJA [&hellip;]<\/p>\n","protected":false},"author":1,"featured_media":585,"comment_status":"open","ping_status":"open","sticky":false,"template":"","format":"standard","meta":{"_et_pb_use_builder":"on","_et_pb_old_content":"Natje\u010daji su posve\u0107eni razli\u010ditim temama: PRI\u010cE NA\u0160IH STARIH (2012.), FOLKLOR NA\u0160EG ZAVI\u010cAJA (2013.), ZABORAVLJENI STARI PREDMETI (2014.), SVJETILJKE NA\u0160IH STARIH (2015.), IGRE I IGRA\u010cKE NA\u0160IH STARIH (2016.), GOVOR NA\u0160EG ZAVI\u010cAJA (2017.), NARODNI OBI\u010cAJI NA\u0160EG ZAVI\u010cAJA (2018.), GLAZBA NA\u0160EG ZAVI\u010cAJA (2019.), OSOBITE PU\u010cKE IZREKE (2020.), \u0160TO SU JELI NA\u0160I STARI? (2021.), i KAKO SU SE ODIJEVALI NA\u0160I STARI (2022.), KOR\u010cULA U DOBA MARKA POLA (2023.).\r\n\r\nGradska knji\u017enica Ivan Vidali iz Kor\u010dule od 2012. godine nositelj je projekta Kor\u010dulanska ba\u0161tina. Projekt je dugoro\u010dan, a ostvaruje se u suradnji knji\u017enice i Turisti\u010dkih zajednica Grada Kor\u010dule i Op\u0107ine Lumbarda. Zami\u0161ljen je kao edukativno \u2013 kreativni model povezivanja nastavnog programa osnovno\u0161kolaca s ustanovama u kulturi i turizmu na stvaranju kulturno-turisti\u010dkog identiteta Grada Kor\u010dule. Cilj projekta je kroz literarno, likovno i dramsko izra\u017eavanje u\u010denika, osvijestiti kod mladih va\u017enost \u010duvanja kor\u010dulanskih tradicijskih i kulturnih vrijednosti.\r\n\r\nZavi\u010dajna ba\u0161tina, nezaobilazan je \u010dimbenik u kulturno-turisti\u010dkoj promociji lokalne zajednice. Kor\u010dula, kao turisti\u010dka destinacija bogate kulturne ba\u0161tine, ima dovoljno resursa koji  joj mogu osigurati prepoznatljivost na svjetskom turisti\u010dkom tr\u017ei\u0161tu. Na putu stvaranja  identiteta grada i otoka, izniman zna\u010daj ima \u010duvanje zavi\u010dajne gra\u0111e i razvijanje svijesti o va\u017enosti njena prou\u010davanja i prezentacije. Knji\u017enica je, po prirodi svoje djelatnosti, mjesto gdje se takva gra\u0111a prikuplja, obra\u0111uje, \u010duva, popularizira i daje na kori\u0161tenje, a turisti\u010dkim zajednicama u interesu je kulturno- turisti\u010dka promocija zavi\u010daja.\r\n\r\nJednom godi\u0161nje, u vrijeme obilje\u017eavanja Mjeseca hrvatske knjige, organizatori raspisuju natje\u010daj za najbolja likovna, literarna i dramska ostvarenja na zadanu temu s ciljem o\u010duvanja kor\u010dulanske kulturne ba\u0161tine.","_et_gb_content_width":"","footnotes":""},"categories":[3],"tags":[],"class_list":["post-621","post","type-post","status-publish","format-standard","has-post-thumbnail","hentry","category-djeca"],"_links":{"self":[{"href":"https:\/\/gk-korcula.hr\/nova\/wp-json\/wp\/v2\/posts\/621","targetHints":{"allow":["GET"]}}],"collection":[{"href":"https:\/\/gk-korcula.hr\/nova\/wp-json\/wp\/v2\/posts"}],"about":[{"href":"https:\/\/gk-korcula.hr\/nova\/wp-json\/wp\/v2\/types\/post"}],"author":[{"embeddable":true,"href":"https:\/\/gk-korcula.hr\/nova\/wp-json\/wp\/v2\/users\/1"}],"replies":[{"embeddable":true,"href":"https:\/\/gk-korcula.hr\/nova\/wp-json\/wp\/v2\/comments?post=621"}],"version-history":[{"count":5,"href":"https:\/\/gk-korcula.hr\/nova\/wp-json\/wp\/v2\/posts\/621\/revisions"}],"predecessor-version":[{"id":779,"href":"https:\/\/gk-korcula.hr\/nova\/wp-json\/wp\/v2\/posts\/621\/revisions\/779"}],"wp:featuredmedia":[{"embeddable":true,"href":"https:\/\/gk-korcula.hr\/nova\/wp-json\/wp\/v2\/media\/585"}],"wp:attachment":[{"href":"https:\/\/gk-korcula.hr\/nova\/wp-json\/wp\/v2\/media?parent=621"}],"wp:term":[{"taxonomy":"category","embeddable":true,"href":"https:\/\/gk-korcula.hr\/nova\/wp-json\/wp\/v2\/categories?post=621"},{"taxonomy":"post_tag","embeddable":true,"href":"https:\/\/gk-korcula.hr\/nova\/wp-json\/wp\/v2\/tags?post=621"}],"curies":[{"name":"wp","href":"https:\/\/api.w.org\/{rel}","templated":true}]}}