{"id":658,"date":"2024-07-17T15:32:24","date_gmt":"2024-07-17T13:32:24","guid":{"rendered":"https:\/\/gk-korcula.hr\/nova\/?p=658"},"modified":"2024-07-17T15:33:48","modified_gmt":"2024-07-17T13:33:48","slug":"knjizevni-blog-knjiga-i-igara","status":"publish","type":"post","link":"https:\/\/gk-korcula.hr\/nova\/knjizevni-blog-knjiga-i-igara\/","title":{"rendered":"Knji\u017eevni blog: knjiga i igara"},"content":{"rendered":"<p>[et_pb_section fb_built=&#8221;1&#8243; admin_label=&#8221;section&#8221; _builder_version=&#8221;4.16&#8243; global_colors_info=&#8221;{}&#8221;][et_pb_row admin_label=&#8221;row&#8221; _builder_version=&#8221;4.16&#8243; background_size=&#8221;initial&#8221; background_position=&#8221;top_left&#8221; background_repeat=&#8221;repeat&#8221; global_colors_info=&#8221;{}&#8221;][et_pb_column type=&#8221;4_4&#8243; _builder_version=&#8221;4.16&#8243; custom_padding=&#8221;|||&#8221; global_colors_info=&#8221;{}&#8221; custom_padding__hover=&#8221;|||&#8221;][et_pb_text admin_label=&#8221;Text&#8221; _builder_version=&#8221;4.26.0&#8243; background_size=&#8221;initial&#8221; background_position=&#8221;top_left&#8221; background_repeat=&#8221;repeat&#8221; hover_enabled=&#8221;0&#8243; global_colors_info=&#8221;{}&#8221; sticky_enabled=&#8221;0&#8243;]<\/p>\n<p><strong>Dragi na\u0161i korisnici u dobi od 14 do 18 godina, evo ne\u0161to i za vas!<\/strong><\/p>\n<p>Kako bi vas podsjetili na va\u017enost knjige i \u010ditanja, pozivamo vas da posjetite na\u0161 blog za mlade <strong>KNJIGA I IGARA<\/strong> te se aktivno uklju\u010dite objavama na blogu. Blog je koncipiran na na\u010din da vam dopu\u0161ta slobodu u izra\u017eavanju, daje mogu\u0107nost da va\u0161a razmi\u0161ljanja i stavove o pro\u010ditanim knjigama dijelite sa svojim vr\u0161njacima, ali i da objavljujete svoje vlastite knji\u017eevne uratke koriste\u0107i se pri tom svim mogu\u0107im (tekstom, slikom, zvukom) alatima u virtualnom svijetu.<\/p>\n<p>Pi\u0161ite, \u0161aljite, komentirajte, a iznad svega \u010ditajte i dru\u017eite se s knjigom, jer zapamtite: S KNJIGOM NISI IZOLIRAN!<\/p>\n<p>Za sve informacije obratite se knji\u017eni\u010darkama porukom putem facebook stranice ili na mail gradska.knjiznica.ivan.vidali@gmail.com.<\/p>\n<p>Link na blog: <a href=\"https:\/\/knjigaiigara.wordpress.com\/\" target=\"_blank\" rel=\"noopener\">https:\/\/knjigaiigara.wordpress.com\/<\/a><\/p>\n<p>[\/et_pb_text][\/et_pb_column][\/et_pb_row][\/et_pb_section]<\/p>\n","protected":false},"excerpt":{"rendered":"<p>Dragi na\u0161i korisnici u dobi od 14 do 18 godina, evo ne\u0161to i za vas! Kako bi vas podsjetili na va\u017enost knjige i \u010ditanja, pozivamo vas da posjetite na\u0161 blog [&hellip;]<\/p>\n","protected":false},"author":1,"featured_media":659,"comment_status":"open","ping_status":"open","sticky":false,"template":"","format":"standard","meta":{"_et_pb_use_builder":"on","_et_pb_old_content":"Dragi na\u0161i korisnici u dobi od 14 do 18 godina, evo ne\u0161to i za vas!\r\n\r\nKako bi vas podsjetili na va\u017enost knjige i \u010ditanja, pozivamo vas da posjetite na\u0161 blog za mlade KNJIGA I IGARA te se aktivno uklju\u010dite objavama na blogu. Blog je koncipiran na na\u010din da vam dopu\u0161ta slobodu u izra\u017eavanju, daje mogu\u0107nost da va\u0161a razmi\u0161ljanja i stavove o pro\u010ditanim knjigama dijelite sa svojim vr\u0161njacima, ali i da objavljujete svoje vlastite knji\u017eevne uratke koriste\u0107i se pri tom svim mogu\u0107im (tekstom, slikom, zvukom) alatima u virtualnom svijetu.\r\n\r\nPi\u0161ite, \u0161aljite, komentirajte, a iznad svega \u010ditajte i dru\u017eite se s knjigom, jer zapamtite: S KNJIGOM NISI IZOLIRAN!\r\n\r\nZa sve informacije obratite se knji\u017eni\u010darkama porukom putem facebook stranice ili na mail gradska.knjiznica.ivan.vidali@gmail.com.\r\n\r\nLink na blog: https:\/\/knjigaiigara.wordpress.com\/","_et_gb_content_width":"","footnotes":""},"categories":[4],"tags":[],"class_list":["post-658","post","type-post","status-publish","format-standard","has-post-thumbnail","hentry","category-mladi"],"_links":{"self":[{"href":"https:\/\/gk-korcula.hr\/nova\/wp-json\/wp\/v2\/posts\/658","targetHints":{"allow":["GET"]}}],"collection":[{"href":"https:\/\/gk-korcula.hr\/nova\/wp-json\/wp\/v2\/posts"}],"about":[{"href":"https:\/\/gk-korcula.hr\/nova\/wp-json\/wp\/v2\/types\/post"}],"author":[{"embeddable":true,"href":"https:\/\/gk-korcula.hr\/nova\/wp-json\/wp\/v2\/users\/1"}],"replies":[{"embeddable":true,"href":"https:\/\/gk-korcula.hr\/nova\/wp-json\/wp\/v2\/comments?post=658"}],"version-history":[{"count":3,"href":"https:\/\/gk-korcula.hr\/nova\/wp-json\/wp\/v2\/posts\/658\/revisions"}],"predecessor-version":[{"id":662,"href":"https:\/\/gk-korcula.hr\/nova\/wp-json\/wp\/v2\/posts\/658\/revisions\/662"}],"wp:featuredmedia":[{"embeddable":true,"href":"https:\/\/gk-korcula.hr\/nova\/wp-json\/wp\/v2\/media\/659"}],"wp:attachment":[{"href":"https:\/\/gk-korcula.hr\/nova\/wp-json\/wp\/v2\/media?parent=658"}],"wp:term":[{"taxonomy":"category","embeddable":true,"href":"https:\/\/gk-korcula.hr\/nova\/wp-json\/wp\/v2\/categories?post=658"},{"taxonomy":"post_tag","embeddable":true,"href":"https:\/\/gk-korcula.hr\/nova\/wp-json\/wp\/v2\/tags?post=658"}],"curies":[{"name":"wp","href":"https:\/\/api.w.org\/{rel}","templated":true}]}}