{"id":666,"date":"2024-07-17T16:01:18","date_gmt":"2024-07-17T14:01:18","guid":{"rendered":"https:\/\/gk-korcula.hr\/nova\/?p=666"},"modified":"2024-07-17T18:09:48","modified_gmt":"2024-07-17T16:09:48","slug":"korculanski-knjizevnici-online","status":"publish","type":"post","link":"https:\/\/gk-korcula.hr\/nova\/korculanski-knjizevnici-online\/","title":{"rendered":"Kor\u010dulanski knji\u017eevnici online"},"content":{"rendered":"<p>[et_pb_section fb_built=&#8221;1&#8243; admin_label=&#8221;section&#8221; _builder_version=&#8221;4.16&#8243; global_colors_info=&#8221;{}&#8221;][et_pb_row admin_label=&#8221;row&#8221; _builder_version=&#8221;4.16&#8243; background_size=&#8221;initial&#8221; background_position=&#8221;top_left&#8221; background_repeat=&#8221;repeat&#8221; global_colors_info=&#8221;{}&#8221;][et_pb_column type=&#8221;4_4&#8243; _builder_version=&#8221;4.16&#8243; custom_padding=&#8221;|||&#8221; global_colors_info=&#8221;{}&#8221; custom_padding__hover=&#8221;|||&#8221;][et_pb_text admin_label=&#8221;Text&#8221; _builder_version=&#8221;4.26.0&#8243; background_size=&#8221;initial&#8221; background_position=&#8221;top_left&#8221; background_repeat=&#8221;repeat&#8221; global_colors_info=&#8221;{}&#8221;]<\/p>\n<p>Projekt \u201cKor\u010dulanski knji\u017eevnici online\u201d nastao je u uvjetima ograni\u010denja dru\u0161tvenih kontakata uzrokovanih pandemijom Korona virusa, kao jedina mogu\u0107nost dru\u017eenja korisnika na\u0161e knji\u017enice i ljubitelja lijepe knji\u017eevnosti s kor\u010dulanskim autorima. Koriste\u0107i se dostupnim digitalnim alatima, odlu\u010dili smo virtualno popularizirati kor\u010dulanske autore i njihova knji\u017eevna djela.<\/p>\n<p>Projekt ima za cilj promicati knjigu i \u010ditanje, te usprkos nemogu\u0107nosti organiziranja uobi\u010dajenih knji\u017eevnih susreta, omogu\u0107iti komunikaciju izme\u0111u autora i \u010ditatelja. Na poziv za sudjelovanjem u projektu prijavila su se brojna kor\u010dulanska pera. Dio video zapisa nastao je u prostoru knji\u017enice, a dio su izradili sami autori na raznim lokacijama.<\/p>\n<p>Ugodno nas je iznenadio odaziv na na\u0161 poziv i odu\u0161evila kreativnost pri izradi snimaka, \u0161to nam daje dodatni poticaj u budu\u0107em promi\u0161ljanju aktivnosti u ovim okolnostima.<br \/>Ovim putem zahvaljujemo svim autorima anga\u017eiranim na projektu, koji su svoje tekstove \u010ditali i on-line kanalima podijelili s nama knji\u017eevni u\u017eitak i dru\u017eenje s knjigom donijeli u na\u0161e domove.<\/p>\n<p>[\/et_pb_text][et_pb_button button_url=&#8221;https:\/\/www.youtube.com\/@gradskaknjiznicaivanvidali597&#8243; url_new_window=&#8221;on&#8221; button_text=&#8221;Pogledajte zapise na na\u0161em Youtube kanalu&#8221; _builder_version=&#8221;4.26.0&#8243; _module_preset=&#8221;default&#8221; hover_enabled=&#8221;0&#8243; global_colors_info=&#8221;{}&#8221; sticky_enabled=&#8221;0&#8243;][\/et_pb_button][\/et_pb_column][\/et_pb_row][\/et_pb_section]<\/p>\n","protected":false},"excerpt":{"rendered":"<p>Projekt \u201cKor\u010dulanski knji\u017eevnici online\u201d nastao je u uvjetima ograni\u010denja dru\u0161tvenih kontakata uzrokovanih pandemijom Korona virusa, kao jedina mogu\u0107nost dru\u017eenja korisnika na\u0161e knji\u017enice i ljubitelja lijepe knji\u017eevnosti s kor\u010dulanskim autorima. Koriste\u0107i [&hellip;]<\/p>\n","protected":false},"author":1,"featured_media":668,"comment_status":"open","ping_status":"open","sticky":false,"template":"","format":"standard","meta":{"_et_pb_use_builder":"on","_et_pb_old_content":"Projekt \u201cKor\u010dulanski knji\u017eevnici online\u201d nastao je u uvjetima ograni\u010denja dru\u0161tvenih kontakata uzrokovanih pandemijom Korona virusa, kao jedina mogu\u0107nost dru\u017eenja korisnika na\u0161e knji\u017enice i ljubitelja lijepe knji\u017eevnosti s kor\u010dulanskim autorima. Koriste\u0107i se dostupnim digitalnim alatima, odlu\u010dili smo virtualno popularizirati kor\u010dulanske autore i njihova knji\u017eevna djela. Projekt ima za cilj promicati knjigu i \u010ditanje, te usprkos nemogu\u0107nosti organiziranja uobi\u010dajenih knji\u017eevnih susreta, omogu\u0107iti komunikaciju izme\u0111u autora i \u010ditatelja. Na poziv za sudjelovanjem u projektu prijavila su se brojna kor\u010dulanska pera. Dio video zapisa nastao je u prostoru knji\u017enice, a dio su izradili sami autori na raznim lokacijama.\r\nUgodno nas je iznenadio odaziv na na\u0161 poziv i odu\u0161evila kreativnost pri izradi snimaka, \u0161to nam daje dodatni poticaj u budu\u0107em promi\u0161ljanju aktivnosti u ovim okolnostima.\r\nOvim putem zahvaljujemo svim autorima anga\u017eiranim na projektu, koji su svoje tekstove \u010ditali i on-line kanalima podijelili s nama knji\u017eevni u\u017eitak i dru\u017eenje s knjigom donijeli u na\u0161e domove.\r\n","_et_gb_content_width":"","footnotes":""},"categories":[5],"tags":[],"class_list":["post-666","post","type-post","status-publish","format-standard","has-post-thumbnail","hentry","category-odrasli"],"_links":{"self":[{"href":"https:\/\/gk-korcula.hr\/nova\/wp-json\/wp\/v2\/posts\/666","targetHints":{"allow":["GET"]}}],"collection":[{"href":"https:\/\/gk-korcula.hr\/nova\/wp-json\/wp\/v2\/posts"}],"about":[{"href":"https:\/\/gk-korcula.hr\/nova\/wp-json\/wp\/v2\/types\/post"}],"author":[{"embeddable":true,"href":"https:\/\/gk-korcula.hr\/nova\/wp-json\/wp\/v2\/users\/1"}],"replies":[{"embeddable":true,"href":"https:\/\/gk-korcula.hr\/nova\/wp-json\/wp\/v2\/comments?post=666"}],"version-history":[{"count":5,"href":"https:\/\/gk-korcula.hr\/nova\/wp-json\/wp\/v2\/posts\/666\/revisions"}],"predecessor-version":[{"id":770,"href":"https:\/\/gk-korcula.hr\/nova\/wp-json\/wp\/v2\/posts\/666\/revisions\/770"}],"wp:featuredmedia":[{"embeddable":true,"href":"https:\/\/gk-korcula.hr\/nova\/wp-json\/wp\/v2\/media\/668"}],"wp:attachment":[{"href":"https:\/\/gk-korcula.hr\/nova\/wp-json\/wp\/v2\/media?parent=666"}],"wp:term":[{"taxonomy":"category","embeddable":true,"href":"https:\/\/gk-korcula.hr\/nova\/wp-json\/wp\/v2\/categories?post=666"},{"taxonomy":"post_tag","embeddable":true,"href":"https:\/\/gk-korcula.hr\/nova\/wp-json\/wp\/v2\/tags?post=666"}],"curies":[{"name":"wp","href":"https:\/\/api.w.org\/{rel}","templated":true}]}}