{"id":679,"date":"2024-07-08T16:42:22","date_gmt":"2024-07-08T14:42:22","guid":{"rendered":"https:\/\/gk-korcula.hr\/nova\/?p=679"},"modified":"2024-07-17T16:47:18","modified_gmt":"2024-07-17T14:47:18","slug":"radionice-robotike-i-programiranja","status":"publish","type":"post","link":"https:\/\/gk-korcula.hr\/nova\/radionice-robotike-i-programiranja\/","title":{"rendered":"Radionice robotike i programiranja"},"content":{"rendered":"<p>[et_pb_section fb_built=&#8221;1&#8243; admin_label=&#8221;section&#8221; _builder_version=&#8221;4.16&#8243; global_colors_info=&#8221;{}&#8221;][et_pb_row column_structure=&#8221;1_2,1_2&#8243; admin_label=&#8221;row&#8221; _builder_version=&#8221;4.16&#8243; background_size=&#8221;initial&#8221; background_position=&#8221;top_left&#8221; background_repeat=&#8221;repeat&#8221; global_colors_info=&#8221;{}&#8221;][et_pb_column type=&#8221;1_2&#8243; _builder_version=&#8221;4.16&#8243; custom_padding=&#8221;|||&#8221; global_colors_info=&#8221;{}&#8221; custom_padding__hover=&#8221;|||&#8221;][et_pb_text admin_label=&#8221;Text&#8221; _builder_version=&#8221;4.26.0&#8243; background_size=&#8221;initial&#8221; background_position=&#8221;top_left&#8221; background_repeat=&#8221;repeat&#8221; global_colors_info=&#8221;{}&#8221;]<\/p>\n<p>Na radionicama programiranja i robotike za djecu i mlade, koje se odr\u017eavaju u Gradska knji\u017enica Ivan Vidali u okviru na\u0161eg tradicionalnog programa LJETO U KNJI\u017dNICI i uz potporu Ministarstvo kulture i medija Republike Hrvatske i Dubova\u010dko-neretvanske \u017eupanije, uvijek se tra\u017ei mjesto vi\u0161e!<\/p>\n<p>Pridru\u017eite nam se svakog ponedjeljka tijekom srpnja i kolovoza!<\/p>\n<p>[\/et_pb_text][\/et_pb_column][et_pb_column type=&#8221;1_2&#8243; _builder_version=&#8221;4.16&#8243; custom_padding=&#8221;|||&#8221; global_colors_info=&#8221;{}&#8221; custom_padding__hover=&#8221;|||&#8221;][et_pb_image src=&#8221;https:\/\/gk-korcula.hr\/nova\/wp-content\/uploads\/2024\/07\/ljeto-u-knjiznici-robotika_08.07_3.webp&#8221; title_text=&#8221;ljeto u knjiznici-robotika_08.07_3&#8243; _builder_version=&#8221;4.26.0&#8243; _module_preset=&#8221;default&#8221; global_colors_info=&#8221;{}&#8221;][\/et_pb_image][\/et_pb_column][\/et_pb_row][et_pb_row _builder_version=&#8221;4.26.0&#8243; _module_preset=&#8221;default&#8221; global_colors_info=&#8221;{}&#8221;][et_pb_column type=&#8221;4_4&#8243; _builder_version=&#8221;4.26.0&#8243; _module_preset=&#8221;default&#8221; global_colors_info=&#8221;{}&#8221;][et_pb_image src=&#8221;https:\/\/gk-korcula.hr\/nova\/wp-content\/uploads\/2024\/07\/ljeto-u-knjiznici-robotika_08.07.webp&#8221; title_text=&#8221;ljeto u knjiznici-robotika_08.07&#8243; _builder_version=&#8221;4.26.0&#8243; _module_preset=&#8221;default&#8221; global_colors_info=&#8221;{}&#8221;][\/et_pb_image][\/et_pb_column][\/et_pb_row][\/et_pb_section]<\/p>\n","protected":false},"excerpt":{"rendered":"<p>Na radionicama programiranja i robotike za djecu i mlade, koje se odr\u017eavaju u Gradska knji\u017enica Ivan Vidali u okviru na\u0161eg tradicionalnog programa LJETO U KNJI\u017dNICI i uz potporu Ministarstvo kulture [&hellip;]<\/p>\n","protected":false},"author":1,"featured_media":682,"comment_status":"open","ping_status":"open","sticky":false,"template":"","format":"standard","meta":{"_et_pb_use_builder":"on","_et_pb_old_content":"Na radionicama programiranja i robotike za djecu i mlade, koje se odr\u017eavaju u Gradska knji\u017enica Ivan Vidali u okviru na\u0161eg tradicionalnog programa LJETO U KNJI\u017dNICI i uz potporu Ministarstvo kulture i medija Republike Hrvatske i Dubova\u010dko-neretvanske \u017eupanije, uvijek se tra\u017ei mjesto vi\u0161e! Pridru\u017eite nam se svakog ponedjeljka tijekom srpnja i kolovoza!","_et_gb_content_width":"","footnotes":""},"categories":[11],"tags":[],"class_list":["post-679","post","type-post","status-publish","format-standard","has-post-thumbnail","hentry","category-aktualno"],"_links":{"self":[{"href":"https:\/\/gk-korcula.hr\/nova\/wp-json\/wp\/v2\/posts\/679","targetHints":{"allow":["GET"]}}],"collection":[{"href":"https:\/\/gk-korcula.hr\/nova\/wp-json\/wp\/v2\/posts"}],"about":[{"href":"https:\/\/gk-korcula.hr\/nova\/wp-json\/wp\/v2\/types\/post"}],"author":[{"embeddable":true,"href":"https:\/\/gk-korcula.hr\/nova\/wp-json\/wp\/v2\/users\/1"}],"replies":[{"embeddable":true,"href":"https:\/\/gk-korcula.hr\/nova\/wp-json\/wp\/v2\/comments?post=679"}],"version-history":[{"count":4,"href":"https:\/\/gk-korcula.hr\/nova\/wp-json\/wp\/v2\/posts\/679\/revisions"}],"predecessor-version":[{"id":686,"href":"https:\/\/gk-korcula.hr\/nova\/wp-json\/wp\/v2\/posts\/679\/revisions\/686"}],"wp:featuredmedia":[{"embeddable":true,"href":"https:\/\/gk-korcula.hr\/nova\/wp-json\/wp\/v2\/media\/682"}],"wp:attachment":[{"href":"https:\/\/gk-korcula.hr\/nova\/wp-json\/wp\/v2\/media?parent=679"}],"wp:term":[{"taxonomy":"category","embeddable":true,"href":"https:\/\/gk-korcula.hr\/nova\/wp-json\/wp\/v2\/categories?post=679"},{"taxonomy":"post_tag","embeddable":true,"href":"https:\/\/gk-korcula.hr\/nova\/wp-json\/wp\/v2\/tags?post=679"}],"curies":[{"name":"wp","href":"https:\/\/api.w.org\/{rel}","templated":true}]}}