{"id":694,"date":"2024-07-02T16:51:36","date_gmt":"2024-07-02T14:51:36","guid":{"rendered":"https:\/\/gk-korcula.hr\/nova\/?p=694"},"modified":"2024-07-17T16:53:52","modified_gmt":"2024-07-17T14:53:52","slug":"dramska-radionica","status":"publish","type":"post","link":"https:\/\/gk-korcula.hr\/nova\/dramska-radionica\/","title":{"rendered":"Dramska radionica"},"content":{"rendered":"<p>[et_pb_section fb_built=&#8221;1&#8243; admin_label=&#8221;section&#8221; _builder_version=&#8221;4.16&#8243; global_colors_info=&#8221;{}&#8221;][et_pb_row admin_label=&#8221;row&#8221; _builder_version=&#8221;4.16&#8243; background_size=&#8221;initial&#8221; background_position=&#8221;top_left&#8221; background_repeat=&#8221;repeat&#8221; global_colors_info=&#8221;{}&#8221; column_structure=&#8221;1_2,1_2&#8243;][et_pb_column type=&#8221;1_2&#8243; _builder_version=&#8221;4.16&#8243; custom_padding=&#8221;|||&#8221; global_colors_info=&#8221;{}&#8221; custom_padding__hover=&#8221;|||&#8221;][et_pb_text admin_label=&#8221;Text&#8221; _builder_version=&#8221;4.26.0&#8243; background_size=&#8221;initial&#8221; background_position=&#8221;top_left&#8221; background_repeat=&#8221;repeat&#8221; hover_enabled=&#8221;0&#8243; global_colors_info=&#8221;{}&#8221; sticky_enabled=&#8221;0&#8243;]<\/p>\n<p>Danas je u knji\u017enici odr\u017eana prva dramska radionica u sklopu tradicionalnog programa Ljeto u knji\u017enici.<br \/>Pod vodstvom dramske pedagoginje Mila Manojlovi\u0107 djeca su se upoznala s nekima od mnogobrojnih dramskih elementa u svrhu razvijanja svojih talenata i na ma\u0161tovit na\u010din obradila dana\u0161nju temu &#8211; PLA\u017dE ZA KUPANJE.\u00a0<br \/>U nastavku popodneva glumci su se pretvorili u vrsne budu\u0107e \u0161ahiste te zaigrali par partija pod budnim okom voditelja Jo\u0161ka Ra\u0111e.\u00a0<\/p>\n<p>Veselimo se sljede\u0107im radionicama!<\/p>\n<p>[\/et_pb_text][\/et_pb_column][et_pb_column type=&#8221;1_2&#8243; _builder_version=&#8221;4.16&#8243; custom_padding=&#8221;|||&#8221; global_colors_info=&#8221;{}&#8221; custom_padding__hover=&#8221;|||&#8221;][et_pb_image src=&#8221;https:\/\/gk-korcula.hr\/nova\/wp-content\/uploads\/2024\/07\/dramska-radionica_02.07.webp&#8221; _builder_version=&#8221;4.26.0&#8243; _module_preset=&#8221;default&#8221; title_text=&#8221;dramska radionica_02.07&#8243; hover_enabled=&#8221;0&#8243; sticky_enabled=&#8221;0&#8243;][\/et_pb_image][\/et_pb_column][\/et_pb_row][et_pb_row _builder_version=&#8221;4.26.0&#8243; _module_preset=&#8221;default&#8221;][et_pb_column _builder_version=&#8221;4.26.0&#8243; _module_preset=&#8221;default&#8221; type=&#8221;4_4&#8243;][et_pb_image src=&#8221;https:\/\/gk-korcula.hr\/nova\/wp-content\/uploads\/2024\/07\/dramska-radionica_02.07_2.webp&#8221; _builder_version=&#8221;4.26.0&#8243; _module_preset=&#8221;default&#8221; title_text=&#8221;dramska radionica_02.07_2&#8243; hover_enabled=&#8221;0&#8243; sticky_enabled=&#8221;0&#8243;][\/et_pb_image][\/et_pb_column][\/et_pb_row][\/et_pb_section]<\/p>\n","protected":false},"excerpt":{"rendered":"<p>Danas je u knji\u017enici odr\u017eana prva dramska radionica u sklopu tradicionalnog programa Ljeto u knji\u017enici.Pod vodstvom dramske pedagoginje Mila Manojlovi\u0107 djeca su se upoznala s nekima od mnogobrojnih dramskih elementa [&hellip;]<\/p>\n","protected":false},"author":1,"featured_media":697,"comment_status":"open","ping_status":"open","sticky":false,"template":"","format":"standard","meta":{"_et_pb_use_builder":"on","_et_pb_old_content":"Danas je u knji\u017enici odr\u017eana prva dramska radionica u sklopu tradicionalnog programa Ljeto u knji\u017enici.\r\nPod vodstvom dramske pedagoginje Mila Manojlovi\u0107 djeca su se upoznala s nekima od mnogobrojnih dramskih elementa u svrhu razvijanja svojih talenata i na ma\u0161tovit na\u010din obradila dana\u0161nju temu - PLA\u017dE ZA KUPANJE. \u2600\ud83c\udfd6 \r\nU nastavku popodneva glumci su se pretvorili u vrsne budu\u0107e \u0161ahiste te zaigrali par partija pod budnim okom voditelja Jo\u0161ka Ra\u0111e. \u265f\r\nKako nam je bilo pogledajte u galeriji fotografija. \ud83e\udd29\r\nVeselimo se sljede\u0107im radionicama!","_et_gb_content_width":"","footnotes":""},"categories":[11],"tags":[],"class_list":["post-694","post","type-post","status-publish","format-standard","has-post-thumbnail","hentry","category-aktualno"],"_links":{"self":[{"href":"https:\/\/gk-korcula.hr\/nova\/wp-json\/wp\/v2\/posts\/694","targetHints":{"allow":["GET"]}}],"collection":[{"href":"https:\/\/gk-korcula.hr\/nova\/wp-json\/wp\/v2\/posts"}],"about":[{"href":"https:\/\/gk-korcula.hr\/nova\/wp-json\/wp\/v2\/types\/post"}],"author":[{"embeddable":true,"href":"https:\/\/gk-korcula.hr\/nova\/wp-json\/wp\/v2\/users\/1"}],"replies":[{"embeddable":true,"href":"https:\/\/gk-korcula.hr\/nova\/wp-json\/wp\/v2\/comments?post=694"}],"version-history":[{"count":3,"href":"https:\/\/gk-korcula.hr\/nova\/wp-json\/wp\/v2\/posts\/694\/revisions"}],"predecessor-version":[{"id":700,"href":"https:\/\/gk-korcula.hr\/nova\/wp-json\/wp\/v2\/posts\/694\/revisions\/700"}],"wp:featuredmedia":[{"embeddable":true,"href":"https:\/\/gk-korcula.hr\/nova\/wp-json\/wp\/v2\/media\/697"}],"wp:attachment":[{"href":"https:\/\/gk-korcula.hr\/nova\/wp-json\/wp\/v2\/media?parent=694"}],"wp:term":[{"taxonomy":"category","embeddable":true,"href":"https:\/\/gk-korcula.hr\/nova\/wp-json\/wp\/v2\/categories?post=694"},{"taxonomy":"post_tag","embeddable":true,"href":"https:\/\/gk-korcula.hr\/nova\/wp-json\/wp\/v2\/tags?post=694"}],"curies":[{"name":"wp","href":"https:\/\/api.w.org\/{rel}","templated":true}]}}