{"id":701,"date":"2024-06-08T20:55:05","date_gmt":"2024-06-08T18:55:05","guid":{"rendered":"https:\/\/gk-korcula.hr\/nova\/?p=701"},"modified":"2024-07-17T16:59:26","modified_gmt":"2024-07-17T14:59:26","slug":"marko-polo-inspiracija-mladima","status":"publish","type":"post","link":"https:\/\/gk-korcula.hr\/nova\/marko-polo-inspiracija-mladima\/","title":{"rendered":"Marko Polo &#8211; inspiracija mladima"},"content":{"rendered":"<p>[et_pb_section fb_built=&#8221;1&#8243; admin_label=&#8221;section&#8221; _builder_version=&#8221;4.16&#8243; global_colors_info=&#8221;{}&#8221;][et_pb_row admin_label=&#8221;row&#8221; _builder_version=&#8221;4.16&#8243; background_size=&#8221;initial&#8221; background_position=&#8221;top_left&#8221; background_repeat=&#8221;repeat&#8221; global_colors_info=&#8221;{}&#8221;][et_pb_column type=&#8221;4_4&#8243; _builder_version=&#8221;4.16&#8243; custom_padding=&#8221;|||&#8221; global_colors_info=&#8221;{}&#8221; custom_padding__hover=&#8221;|||&#8221;][et_pb_text admin_label=&#8221;Text&#8221; _builder_version=&#8221;4.26.0&#8243; background_size=&#8221;initial&#8221; background_position=&#8221;top_left&#8221; background_repeat=&#8221;repeat&#8221; hover_enabled=&#8221;0&#8243; global_colors_info=&#8221;{}&#8221; sticky_enabled=&#8221;0&#8243;]<\/p>\n<p>U Gradskoj knji\u017enici Ivan Vidali odr\u017eana je sve\u010danost dodjele nagrada i priznanja u\u010denicima osnovnih \u0161kola Grada Kor\u010dule i njihovim mentorima, sudionicima natje\u010daja Kor\u010dula u doba Marka Pola raspisanog u sklopu dugogodi\u0161njeg projekta Kor\u010dulanska ba\u0161tina koji provode na\u0161a knji\u017enica, TZG Kor\u010dule i Visit Lumbarda.<\/p>\n<p>Ovogodi\u0161nji natje\u010daj, posve\u0107en obilje\u017eavanju 700. obljetnice smrti i 770. ro\u0111enja na\u0161eg svjetski poznatog putopisca, istra\u017eiva\u010da i moreplovca Marka Pola, okupio je brojne osnovno\u0161kolce koji su svojim literarnim, likovnim i dramskim radovima pokazali kako poznaju, vole i na kreativan na\u010din prezentiraju svoju zavi\u010dajnu ba\u0161tinu.<\/p>\n<p>Ceremoniju dodjele priznanja uveli\u010dali su nastupi dje\u010djeg \u017eenskog zbora Divne, sekcije KPD Bratska sloga iz Postrane u \u017drnovu, te u\u010denika 3. a razreda O\u0160 Petra Kanaveli\u0107a koji su pred brojnom publikom izveli nagra\u0111eni igrokaz &#8220;Jednom davno&#8221;. Dru\u017eenje smo nastavili uz \u010da\u0161\u0107enje u pizzeriji Arija.<\/p>\n<p>Hvala svima koji su sudjelovali a nagra\u0111enim u\u010denicima i mentorima \u010destitamo! Veselimo se nastavku rada na ovom vrijednom projektu koji kod djece i mladih poti\u010de svijest o va\u017enosti o\u010duvanja tradicijskih zavi\u010dajnih vrijednosti.<\/p>\n<p>Hvala Skygorilla Media na medijskoj potpori!<\/p>\n<p>Hvala Grad Kor\u010dula i Ministarstvo kulture i medija Republike Hrvatske na financijskoj potpori!<\/p>\n<p>[\/et_pb_text][\/et_pb_column][\/et_pb_row][et_pb_row _builder_version=&#8221;4.26.0&#8243; _module_preset=&#8221;default&#8221; column_structure=&#8221;1_2,1_2&#8243;][et_pb_column _builder_version=&#8221;4.26.0&#8243; _module_preset=&#8221;default&#8221; type=&#8221;1_2&#8243;][et_pb_image src=&#8221;https:\/\/gk-korcula.hr\/nova\/wp-content\/uploads\/2024\/06\/dodjela-nagrada_07.06.webp&#8221; _builder_version=&#8221;4.26.0&#8243; _module_preset=&#8221;default&#8221; title_text=&#8221;dodjela nagrada_07.06&#8243; hover_enabled=&#8221;0&#8243; sticky_enabled=&#8221;0&#8243;][\/et_pb_image][\/et_pb_column][et_pb_column _builder_version=&#8221;4.26.0&#8243; _module_preset=&#8221;default&#8221; type=&#8221;1_2&#8243;][et_pb_image src=&#8221;https:\/\/gk-korcula.hr\/nova\/wp-content\/uploads\/2024\/06\/dodjela-nagrada_07.06_6.webp&#8221; _builder_version=&#8221;4.26.0&#8243; _module_preset=&#8221;default&#8221; title_text=&#8221;dodjela nagrada_07.06_6&#8243; hover_enabled=&#8221;0&#8243; sticky_enabled=&#8221;0&#8243;][\/et_pb_image][\/et_pb_column][\/et_pb_row][et_pb_row _builder_version=&#8221;4.26.0&#8243; _module_preset=&#8221;default&#8221; column_structure=&#8221;1_2,1_2&#8243;][et_pb_column _builder_version=&#8221;4.26.0&#8243; _module_preset=&#8221;default&#8221; type=&#8221;1_2&#8243;][et_pb_image src=&#8221;https:\/\/gk-korcula.hr\/nova\/wp-content\/uploads\/2024\/06\/dodjela-nagrada_07.06_5.webp&#8221; _builder_version=&#8221;4.26.0&#8243; _module_preset=&#8221;default&#8221; title_text=&#8221;dodjela nagrada_07.06_5&#8243; hover_enabled=&#8221;0&#8243; sticky_enabled=&#8221;0&#8243;][\/et_pb_image][\/et_pb_column][et_pb_column _builder_version=&#8221;4.26.0&#8243; _module_preset=&#8221;default&#8221; type=&#8221;1_2&#8243;][et_pb_image src=&#8221;https:\/\/gk-korcula.hr\/nova\/wp-content\/uploads\/2024\/06\/dodjela-nagrada_07.06_4.webp&#8221; _builder_version=&#8221;4.26.0&#8243; _module_preset=&#8221;default&#8221; title_text=&#8221;dodjela nagrada_07.06_4&#8243; hover_enabled=&#8221;0&#8243; sticky_enabled=&#8221;0&#8243;][\/et_pb_image][\/et_pb_column][\/et_pb_row][et_pb_row _builder_version=&#8221;4.26.0&#8243; _module_preset=&#8221;default&#8221; column_structure=&#8221;1_2,1_2&#8243;][et_pb_column _builder_version=&#8221;4.26.0&#8243; _module_preset=&#8221;default&#8221; type=&#8221;1_2&#8243;][et_pb_image src=&#8221;https:\/\/gk-korcula.hr\/nova\/wp-content\/uploads\/2024\/06\/dodjela-nagrada_07.06_3.webp&#8221; _builder_version=&#8221;4.26.0&#8243; _module_preset=&#8221;default&#8221; title_text=&#8221;dodjela nagrada_07.06_3&#8243; hover_enabled=&#8221;0&#8243; sticky_enabled=&#8221;0&#8243;][\/et_pb_image][\/et_pb_column][et_pb_column _builder_version=&#8221;4.26.0&#8243; _module_preset=&#8221;default&#8221; type=&#8221;1_2&#8243;][et_pb_image src=&#8221;https:\/\/gk-korcula.hr\/nova\/wp-content\/uploads\/2024\/06\/dodjela-nagrada_07.06_2.webp&#8221; _builder_version=&#8221;4.26.0&#8243; _module_preset=&#8221;default&#8221; title_text=&#8221;dodjela nagrada_07.06_2&#8243; hover_enabled=&#8221;0&#8243; sticky_enabled=&#8221;0&#8243;][\/et_pb_image][\/et_pb_column][\/et_pb_row][\/et_pb_section]<\/p>\n","protected":false},"excerpt":{"rendered":"<p>U Gradskoj knji\u017enici Ivan Vidali odr\u017eana je sve\u010danost dodjele nagrada i priznanja u\u010denicima osnovnih \u0161kola Grada Kor\u010dule i njihovim mentorima, sudionicima natje\u010daja Kor\u010dula u doba Marka Pola raspisanog u sklopu [&hellip;]<\/p>\n","protected":false},"author":1,"featured_media":708,"comment_status":"open","ping_status":"open","sticky":false,"template":"","format":"standard","meta":{"_et_pb_use_builder":"on","_et_pb_old_content":"U Gradska knji\u017enica Ivan Vidali odr\u017eana je sve\u010danost dodjele nagrada i priznanja u\u010denicima osnovnih \u0161kola Grada Kor\u010dule i njihovim mentorima, sudionicima natje\u010daja Kor\u010dula u doba Marka Pola raspisanog u sklopu dugogodi\u0161njeg projekta Kor\u010dulanska ba\u0161tina koji provode na\u0161a knji\u017enica, TZG Kor\u010dule i Visit Lumbarda. Ovogodi\u0161nji natje\u010daj, posve\u0107en obilje\u017eavanju 700. obljetnice smrti i 770. ro\u0111enja na\u0161eg svjetski poznatog putopisca, istra\u017eiva\u010da i moreplovca Marka Pola, okupio je brojne osnovno\u0161kolce koji su svojim literarnim, likovnim i dramskim radovima pokazali kako poznaju, vole i na kreativan na\u010din prezentiraju svoju zavi\u010dajnu ba\u0161tinu.\r\nCeremoniju dodjele priznanja uveli\u010dali su nastupi dje\u010djeg \u017eenskog zbora Divne, sekcije KPD Bratska sloga iz Postrane u \u017drnovu, te u\u010denika 3. a razreda O\u0160 Petra Kanaveli\u0107a koji su pred brojnom publikom izveli nagra\u0111eni igrokaz \"Jednom davno\". Dru\u017eenje smo nastavili uz \u010da\u0161\u0107enje u pizzeriji Arija.\r\nHvala svima koji su sudjelovali a nagra\u0111enim u\u010denicima i mentorima \u010destitamo! Veselimo se nastavku rada na ovom vrijednom projektu koji kod djece i mladih poti\u010de svijest o va\u017enosti o\u010duvanja tradicijskih zavi\u010dajnih vrijednosti.\r\nHvala Skygorilla Media na medijskoj potpori!\r\nHvala Grad Kor\u010dula i Ministarstvo kulture i medija Republike Hrvatske na financijskoj potpori!","_et_gb_content_width":"","footnotes":""},"categories":[11],"tags":[],"class_list":["post-701","post","type-post","status-publish","format-standard","has-post-thumbnail","hentry","category-aktualno"],"_links":{"self":[{"href":"https:\/\/gk-korcula.hr\/nova\/wp-json\/wp\/v2\/posts\/701","targetHints":{"allow":["GET"]}}],"collection":[{"href":"https:\/\/gk-korcula.hr\/nova\/wp-json\/wp\/v2\/posts"}],"about":[{"href":"https:\/\/gk-korcula.hr\/nova\/wp-json\/wp\/v2\/types\/post"}],"author":[{"embeddable":true,"href":"https:\/\/gk-korcula.hr\/nova\/wp-json\/wp\/v2\/users\/1"}],"replies":[{"embeddable":true,"href":"https:\/\/gk-korcula.hr\/nova\/wp-json\/wp\/v2\/comments?post=701"}],"version-history":[{"count":4,"href":"https:\/\/gk-korcula.hr\/nova\/wp-json\/wp\/v2\/posts\/701\/revisions"}],"predecessor-version":[{"id":712,"href":"https:\/\/gk-korcula.hr\/nova\/wp-json\/wp\/v2\/posts\/701\/revisions\/712"}],"wp:featuredmedia":[{"embeddable":true,"href":"https:\/\/gk-korcula.hr\/nova\/wp-json\/wp\/v2\/media\/708"}],"wp:attachment":[{"href":"https:\/\/gk-korcula.hr\/nova\/wp-json\/wp\/v2\/media?parent=701"}],"wp:term":[{"taxonomy":"category","embeddable":true,"href":"https:\/\/gk-korcula.hr\/nova\/wp-json\/wp\/v2\/categories?post=701"},{"taxonomy":"post_tag","embeddable":true,"href":"https:\/\/gk-korcula.hr\/nova\/wp-json\/wp\/v2\/tags?post=701"}],"curies":[{"name":"wp","href":"https:\/\/api.w.org\/{rel}","templated":true}]}}