{"id":711,"date":"2024-05-22T17:00:58","date_gmt":"2024-05-22T15:00:58","guid":{"rendered":"https:\/\/gk-korcula.hr\/nova\/?p=711"},"modified":"2024-07-17T17:03:02","modified_gmt":"2024-07-17T15:03:02","slug":"gostovanje-sanje-pilic","status":"publish","type":"post","link":"https:\/\/gk-korcula.hr\/nova\/gostovanje-sanje-pilic\/","title":{"rendered":"Gostovanje Sanje Pili\u0107"},"content":{"rendered":"<p>[et_pb_section fb_built=&#8221;1&#8243; admin_label=&#8221;section&#8221; _builder_version=&#8221;4.16&#8243; global_colors_info=&#8221;{}&#8221;][et_pb_row admin_label=&#8221;row&#8221; _builder_version=&#8221;4.16&#8243; background_size=&#8221;initial&#8221; background_position=&#8221;top_left&#8221; background_repeat=&#8221;repeat&#8221; global_colors_info=&#8221;{}&#8221;][et_pb_column type=&#8221;4_4&#8243; _builder_version=&#8221;4.16&#8243; custom_padding=&#8221;|||&#8221; global_colors_info=&#8221;{}&#8221; custom_padding__hover=&#8221;|||&#8221;][et_pb_text admin_label=&#8221;Text&#8221; _builder_version=&#8221;4.16&#8243; background_size=&#8221;initial&#8221; background_position=&#8221;top_left&#8221; background_repeat=&#8221;repeat&#8221; global_colors_info=&#8221;{}&#8221;]Sanja Pili\u0107, naj\u010ditanija dje\u010dja knji\u017eevnica, gostovala je danas u na\u0161oj knji\u017enici! U dru\u017eenju s u\u010denicima ni\u017eih razreda i njihovim u\u010diteljicama, predstavila je svoje najpopularnije naslove i odgovorila na brojna pitanja o svom spisateljskom radu, knji\u017eevnoj inspiraciji i va\u017enosti \u010ditanja i dru\u017eenja s knjigom. <\/p>\n<p>Zahvaljujemo Sanji na gostovanju i veselom dru\u017eenju s malim Kor\u010dulanima![\/et_pb_text][\/et_pb_column][\/et_pb_row][et_pb_row _builder_version=&#8221;4.26.0&#8243; _module_preset=&#8221;default&#8221; column_structure=&#8221;1_2,1_2&#8243;][et_pb_column _builder_version=&#8221;4.26.0&#8243; _module_preset=&#8221;default&#8221; type=&#8221;1_2&#8243;][et_pb_image src=&#8221;https:\/\/gk-korcula.hr\/nova\/wp-content\/uploads\/2024\/05\/gostovanje-Sanja-Pilic_22.06-2.webp&#8221; _builder_version=&#8221;4.26.0&#8243; _module_preset=&#8221;default&#8221; title_text=&#8221;gostovanje Sanja Pilic_22.06-2&#8243; hover_enabled=&#8221;0&#8243; sticky_enabled=&#8221;0&#8243;][\/et_pb_image][\/et_pb_column][et_pb_column _builder_version=&#8221;4.26.0&#8243; _module_preset=&#8221;default&#8221; type=&#8221;1_2&#8243;][et_pb_image src=&#8221;https:\/\/gk-korcula.hr\/nova\/wp-content\/uploads\/2024\/05\/gostovanje-Sanja-Pilic_22.06_3.webp&#8221; _builder_version=&#8221;4.26.0&#8243; _module_preset=&#8221;default&#8221; title_text=&#8221;gostovanje Sanja Pilic_22.06_3&#8243; hover_enabled=&#8221;0&#8243; sticky_enabled=&#8221;0&#8243;][\/et_pb_image][\/et_pb_column][\/et_pb_row][\/et_pb_section]<\/p>\n","protected":false},"excerpt":{"rendered":"<p>Sanja Pili\u0107, naj\u010ditanija dje\u010dja knji\u017eevnica, gostovala je danas u na\u0161oj knji\u017enici! U dru\u017eenju s u\u010denicima ni\u017eih razreda i njihovim u\u010diteljicama, predstavila je svoje najpopularnije naslove i odgovorila na brojna pitanja [&hellip;]<\/p>\n","protected":false},"author":1,"featured_media":714,"comment_status":"open","ping_status":"open","sticky":false,"template":"","format":"standard","meta":{"_et_pb_use_builder":"on","_et_pb_old_content":"Sanja Pili\u0107, naj\u010ditanija dje\u010dja knji\u017eevnica, gostovala je danas u na\u0161oj knji\u017enici! U dru\u017eenju s u\u010denicima ni\u017eih razreda i njihovim u\u010diteljicama, predstavila je svoje najpopularnije naslove i odgovorila na brojna pitanja o svom spisateljskom radu, knji\u017eevnoj inspiraciji i va\u017enosti \u010ditanja i dru\u017eenja s knjigom. \r\n\r\nZahvaljujemo Sanji na gostovanju i veselom dru\u017eenju s malim Kor\u010dulanima!","_et_gb_content_width":"","footnotes":""},"categories":[11],"tags":[],"class_list":["post-711","post","type-post","status-publish","format-standard","has-post-thumbnail","hentry","category-aktualno"],"_links":{"self":[{"href":"https:\/\/gk-korcula.hr\/nova\/wp-json\/wp\/v2\/posts\/711","targetHints":{"allow":["GET"]}}],"collection":[{"href":"https:\/\/gk-korcula.hr\/nova\/wp-json\/wp\/v2\/posts"}],"about":[{"href":"https:\/\/gk-korcula.hr\/nova\/wp-json\/wp\/v2\/types\/post"}],"author":[{"embeddable":true,"href":"https:\/\/gk-korcula.hr\/nova\/wp-json\/wp\/v2\/users\/1"}],"replies":[{"embeddable":true,"href":"https:\/\/gk-korcula.hr\/nova\/wp-json\/wp\/v2\/comments?post=711"}],"version-history":[{"count":3,"href":"https:\/\/gk-korcula.hr\/nova\/wp-json\/wp\/v2\/posts\/711\/revisions"}],"predecessor-version":[{"id":718,"href":"https:\/\/gk-korcula.hr\/nova\/wp-json\/wp\/v2\/posts\/711\/revisions\/718"}],"wp:featuredmedia":[{"embeddable":true,"href":"https:\/\/gk-korcula.hr\/nova\/wp-json\/wp\/v2\/media\/714"}],"wp:attachment":[{"href":"https:\/\/gk-korcula.hr\/nova\/wp-json\/wp\/v2\/media?parent=711"}],"wp:term":[{"taxonomy":"category","embeddable":true,"href":"https:\/\/gk-korcula.hr\/nova\/wp-json\/wp\/v2\/categories?post=711"},{"taxonomy":"post_tag","embeddable":true,"href":"https:\/\/gk-korcula.hr\/nova\/wp-json\/wp\/v2\/tags?post=711"}],"curies":[{"name":"wp","href":"https:\/\/api.w.org\/{rel}","templated":true}]}}