{"id":758,"date":"2024-07-03T17:46:58","date_gmt":"2024-07-03T15:46:58","guid":{"rendered":"https:\/\/gk-korcula.hr\/nova\/?p=758"},"modified":"2024-07-17T17:52:19","modified_gmt":"2024-07-17T15:52:19","slug":"likovne-radionice","status":"publish","type":"post","link":"https:\/\/gk-korcula.hr\/nova\/likovne-radionice\/","title":{"rendered":"Likovne radionice"},"content":{"rendered":"<p>[et_pb_section fb_built=&#8221;1&#8243; admin_label=&#8221;section&#8221; _builder_version=&#8221;4.16&#8243; global_colors_info=&#8221;{}&#8221;][et_pb_row admin_label=&#8221;row&#8221; _builder_version=&#8221;4.16&#8243; background_size=&#8221;initial&#8221; background_position=&#8221;top_left&#8221; background_repeat=&#8221;repeat&#8221; global_colors_info=&#8221;{}&#8221;][et_pb_column type=&#8221;4_4&#8243; _builder_version=&#8221;4.16&#8243; custom_padding=&#8221;|||&#8221; global_colors_info=&#8221;{}&#8221; custom_padding__hover=&#8221;|||&#8221;][et_pb_text admin_label=&#8221;Text&#8221; _builder_version=&#8221;4.16&#8243; background_size=&#8221;initial&#8221; background_position=&#8221;top_left&#8221; background_repeat=&#8221;repeat&#8221; global_colors_info=&#8221;{}&#8221;]Ve\u0107 tradicionalne kreativne likovne radionice za djecu odr\u017eavaju se svakog \u010detvrtka u prostoru knji\u017enice tijekom srpnja i kolovoza.<\/p>\n<p>Sudjelovanjem na radionicama, polaznici svladavaju razli\u010dite likovne tehnike, izra\u0111uju razne upotrebne ili ukrasne predmete kori\u0161tenjem likovnih i  modelarskih oblika umjetni\u010dkog izra\u017eavanja, te se upoznaju s novim kreativnim vje\u0161tinama poput origamija, kirigamija, makramea, mozaika, uz uporabu razli\u010ditih materijala.<\/p>\n<p>Radionice vode knji\u017eni\u010darke ili likovni umjetnici i pedagozi volonterski. Vrlo dobra suradnja u organiziranju radionica na otvorenim prostorima u okolnim mjestima i selima, ostvarena je s udrugom Art petak i gradskim dru\u0161tvom Crvenog kri\u017ea Kor\u010dula.[\/et_pb_text][et_pb_button button_url=&#8221;https:\/\/tidycal.com\/gradskaknjiznicaivanvidali\/kreativna-radionica&#8221; button_text=&#8221;Priavi se na likovne radionice&#8221; _builder_version=&#8221;4.26.0&#8243; _module_preset=&#8221;default&#8221; global_colors_info=&#8221;{}&#8221;][\/et_pb_button][\/et_pb_column][\/et_pb_row][\/et_pb_section]<\/p>\n","protected":false},"excerpt":{"rendered":"<p>Ve\u0107 tradicionalne kreativne likovne radionice za djecu odr\u017eavaju se svakog \u010detvrtka u prostoru knji\u017enice tijekom srpnja i kolovoza. Sudjelovanjem na radionicama, polaznici svladavaju razli\u010dite likovne tehnike, izra\u0111uju razne upotrebne ili [&hellip;]<\/p>\n","protected":false},"author":1,"featured_media":749,"comment_status":"open","ping_status":"open","sticky":false,"template":"","format":"standard","meta":{"_et_pb_use_builder":"on","_et_pb_old_content":"Ve\u0107 tradicionalne kreativne likovne radionice za djecu odr\u017eavaju se svakog \u010detvrtka u prostoru knji\u017enice tijekom srpnja i kolovoza.\r\n\r\nSudjelovanjem na radionicama, polaznici svladavaju razli\u010dite likovne tehnike, izra\u0111uju razne upotrebne ili ukrasne predmete kori\u0161tenjem likovnih i  modelarskih oblika umjetni\u010dkog izra\u017eavanja, te se upoznaju s novim kreativnim vje\u0161tinama poput origamija, kirigamija, makramea, mozaika, uz uporabu razli\u010ditih materijala.\r\n\r\nRadionice vode knji\u017eni\u010darke ili likovni umjetnici i pedagozi volonterski. Vrlo dobra suradnja u organiziranju radionica na otvorenim prostorima u okolnim mjestima i selima, ostvarena je s udrugom Art petak i gradskim dru\u0161tvom Crvenog kri\u017ea Kor\u010dula.","_et_gb_content_width":"","footnotes":""},"categories":[10],"tags":[],"class_list":["post-758","post","type-post","status-publish","format-standard","has-post-thumbnail","hentry","category-najave-dogadaja"],"_links":{"self":[{"href":"https:\/\/gk-korcula.hr\/nova\/wp-json\/wp\/v2\/posts\/758","targetHints":{"allow":["GET"]}}],"collection":[{"href":"https:\/\/gk-korcula.hr\/nova\/wp-json\/wp\/v2\/posts"}],"about":[{"href":"https:\/\/gk-korcula.hr\/nova\/wp-json\/wp\/v2\/types\/post"}],"author":[{"embeddable":true,"href":"https:\/\/gk-korcula.hr\/nova\/wp-json\/wp\/v2\/users\/1"}],"replies":[{"embeddable":true,"href":"https:\/\/gk-korcula.hr\/nova\/wp-json\/wp\/v2\/comments?post=758"}],"version-history":[{"count":4,"href":"https:\/\/gk-korcula.hr\/nova\/wp-json\/wp\/v2\/posts\/758\/revisions"}],"predecessor-version":[{"id":763,"href":"https:\/\/gk-korcula.hr\/nova\/wp-json\/wp\/v2\/posts\/758\/revisions\/763"}],"wp:featuredmedia":[{"embeddable":true,"href":"https:\/\/gk-korcula.hr\/nova\/wp-json\/wp\/v2\/media\/749"}],"wp:attachment":[{"href":"https:\/\/gk-korcula.hr\/nova\/wp-json\/wp\/v2\/media?parent=758"}],"wp:term":[{"taxonomy":"category","embeddable":true,"href":"https:\/\/gk-korcula.hr\/nova\/wp-json\/wp\/v2\/categories?post=758"},{"taxonomy":"post_tag","embeddable":true,"href":"https:\/\/gk-korcula.hr\/nova\/wp-json\/wp\/v2\/tags?post=758"}],"curies":[{"name":"wp","href":"https:\/\/api.w.org\/{rel}","templated":true}]}}