{"id":82,"date":"2024-05-26T18:38:56","date_gmt":"2024-05-26T18:38:56","guid":{"rendered":"https:\/\/gk-korcula.hr\/nova\/?p=82"},"modified":"2024-07-17T15:25:47","modified_gmt":"2024-07-17T13:25:47","slug":"radionica-za-mlade-soft-skils","status":"publish","type":"post","link":"https:\/\/gk-korcula.hr\/nova\/radionica-za-mlade-soft-skils\/","title":{"rendered":"Radionica za mlade SOFT SKILS"},"content":{"rendered":"<p>U sklopu Europske godine vje\u0161tina, Europe direct Kor\u010dula u suradnji s Erasmus Student Network iz Dubrovnika,  u subotu, 16. prosinca  u Gradskoj knji\u017enici Ivan Vidali or\u017eala se besplatna radionica za mlade  SOFT SKILS \u2013 razvoj osobnih vje\u0161tina.<br \/>\nRadionica je o razvijanju soft skillsa mladih i pripremi za tr\u017ei\u0161te rada, a vodio ju je Bo\u017eo Simovi\u0107, predsjednik Erasmus Student Network (ESN) Dubrovnik, neprofitne studentske organizacije koja je osnovana 2012. godine. Osim toga, Bo\u017eo je i voditelj ljudskih potencijala Centra za karijere mladih Dubrovnik koji organizira Dubrovnik EXPO \u2013 centralni doga\u0111aj u regiji koji promovira obrazovanje i na jednom mjestu povezuje gospodarstvenike, visoko obrazovne institucije, mlade i ostale zainteresirane dionike s ciljem ostvarivanja me\u0111usektorske suradnje i uspostavljanja novih poslovnih odnosa i projekata.<br \/>\nPitanja na koja \u0107ete odgovarati kada konkurirate za neki posao, sve su manje \u201cKoju ste \u0161kolu zavr\u0161ili?\u201d, a sve su bli\u017ea sljede\u0107ima: \u201cVolite li raditi u timu?\u201d, \u201cKako se nosite sa stresom?\u201d ili \u201cJeste li uspje\u0161ni u komuniciranju s ljudima?\u201d, \u201eKakvi ste u rje\u0161avanju konflikata? \u201c\u2026<br \/>\nDanas poslodavci \u017eele znati koliko ste \u201cjaki\u201d na podru\u010dju vje\u0161tina koje se popularno zovu \u201csoft skills\u201d ili \u201emeke\u201c vje\u0161tine jer \u0107ete s tim vje\u0161tinama biti u\u010dinkovitiji i kvalitetniji na poslu i dati bolje rezultate.<br \/>\nOva radionica upravo \u017eeli potaknuti taj razvoj osobnih vje\u0161tina koje mladima mogu omogu\u0107iti prednost nad konkurencijom pri selekciji za posao, koje su bitne pri zapo\u0161ljavanju op\u0107enito, a koje se ujedno uvelike odra\u017eavaju i na kvalitetu svih ostalih aspekata \u017eivota. Preciznije, primjenom razli\u010ditih tehnika sudionici radionice \u0107e se obu\u010diti na koji na\u010din vrednovati sebe, svoje prednosti i nedostatke u kontekstu tr\u017ei\u0161ta rada, ali i op\u0107enito.<\/p>\n","protected":false},"excerpt":{"rendered":"<p>U sklopu Europske godine vje\u0161tina, Europe direct Kor\u010dula u suradnji s Erasmus Student Network iz Dubrovnika, u subotu, 16. prosinca u Gradskoj knji\u017enici Ivan Vidali or\u017eala se besplatna radionica za [&hellip;]<\/p>\n","protected":false},"author":1,"featured_media":81,"comment_status":"open","ping_status":"open","sticky":false,"template":"","format":"standard","meta":{"_et_pb_use_builder":"","_et_pb_old_content":"","_et_gb_content_width":"","footnotes":""},"categories":[11],"tags":[],"class_list":["post-82","post","type-post","status-publish","format-standard","has-post-thumbnail","hentry","category-aktualno"],"_links":{"self":[{"href":"https:\/\/gk-korcula.hr\/nova\/wp-json\/wp\/v2\/posts\/82","targetHints":{"allow":["GET"]}}],"collection":[{"href":"https:\/\/gk-korcula.hr\/nova\/wp-json\/wp\/v2\/posts"}],"about":[{"href":"https:\/\/gk-korcula.hr\/nova\/wp-json\/wp\/v2\/types\/post"}],"author":[{"embeddable":true,"href":"https:\/\/gk-korcula.hr\/nova\/wp-json\/wp\/v2\/users\/1"}],"replies":[{"embeddable":true,"href":"https:\/\/gk-korcula.hr\/nova\/wp-json\/wp\/v2\/comments?post=82"}],"version-history":[{"count":2,"href":"https:\/\/gk-korcula.hr\/nova\/wp-json\/wp\/v2\/posts\/82\/revisions"}],"predecessor-version":[{"id":84,"href":"https:\/\/gk-korcula.hr\/nova\/wp-json\/wp\/v2\/posts\/82\/revisions\/84"}],"wp:featuredmedia":[{"embeddable":true,"href":"https:\/\/gk-korcula.hr\/nova\/wp-json\/wp\/v2\/media\/81"}],"wp:attachment":[{"href":"https:\/\/gk-korcula.hr\/nova\/wp-json\/wp\/v2\/media?parent=82"}],"wp:term":[{"taxonomy":"category","embeddable":true,"href":"https:\/\/gk-korcula.hr\/nova\/wp-json\/wp\/v2\/categories?post=82"},{"taxonomy":"post_tag","embeddable":true,"href":"https:\/\/gk-korcula.hr\/nova\/wp-json\/wp\/v2\/tags?post=82"}],"curies":[{"name":"wp","href":"https:\/\/api.w.org\/{rel}","templated":true}]}}